{"id":312539,"date":"2021-11-30T17:56:45","date_gmt":"2021-11-30T21:56:45","guid":{"rendered":"http:\/\/diariodominicano.com\/?p=312539"},"modified":"2021-11-30T17:56:45","modified_gmt":"2021-11-30T21:56:45","slug":"vicepresidenta-asegura-el-gobierno-se-mantiene-vigilante-ante-nueva-variante","status":"publish","type":"post","link":"https:\/\/diariodominicano.com\/?p=312539","title":{"rendered":"Vicepresidenta asegura el gobierno se mantiene vigilante ante nueva variante"},"content":{"rendered":"\n<p>diariodominicano.com<\/p>\n\n\n\n<p>La Romana, R. D., 30 de noviembre, 2021.- La vicepresidenta de la Rep\u00fablica, Raquel Pe\u00f1a, indic\u00f3 que Rep\u00fablica Dominicana se mantiene\u00a0vigilante ante la reca\u00eddas que viven otros pa\u00edses debido a la nueva variante del Covid-19.<\/p>\n\n\n\n<p>Al participar del Foro Global Casa de Campo: Tendencias de un mundo en Transformaci\u00f3n, la tambi\u00e9n&nbsp; coordinadora del Gabinete de Salud, indic\u00f3 que gracias a los mecanismos implementados para mitigar el impacto del virus, entre los que cit\u00f3 el uso de mascarillas, distanciamiento social, lavado de manos, acceso a pruebas, vacunas y rastreo de contactos, se ha logrado \u00abevitar un desborde en la capacidad de atenci\u00f3n del sistema de salud\u00bb.<\/p>\n\n\n\n<p>La funcionaria, al hablar sobre el \u00abImpacto y manejo del COVID-19 en la Rep\u00fablica Dominicana\u00bb,&nbsp; enfatiz\u00f3 que el manejo adecuado de la pandemia durante la administraci\u00f3n del presidente Luis Abinader ha impactado de manera positiva en la reactivaci\u00f3n&nbsp;de la actividad productiva nacional.<\/p>\n\n\n\n<p>Reiter\u00f3 la importancia de la uni\u00f3n entre pa\u00edses \u00abpara salir juntos de la crisis de una manera sostenible, bajo nuevos modelos econ\u00f3micos\u00bb y de la cooperaci\u00f3n de los m\u00e1s&nbsp; desarrollados hacia las naciones en v\u00eda de desarrollo para que puedan reactivar sus econom\u00edas, impactados por el COVID-19.<\/p>\n\n\n\n<p>\u00abNo existen soluciones individuales, as\u00ed como la pandemia golpe\u00f3 al mundo sin excepci\u00f3n, somos todos los que tenemos que recurrir a la unidad para poder vencer las crisis en su totalidad\u201d, refiri\u00f3.<\/p>\n\n\n\n<p>Pe\u00f1a precis\u00f3 que el 77.3% de la poblaci\u00f3n meta original tiene por lo menos una dosis, el 64.4% tiene las dos y el 17% cuenta con tres dosis.<\/p>\n\n\n\n<p>El encuentro fue organizado por Funglode, conjuntamente con IDEA Internacional, la Federaci\u00f3n de Gremios de Editores de Espa\u00f1a y la Corporaci\u00f3n Escenarios, que dirige el expresidente colombiano Ernesto Samper.<\/p>\n\n\n\n<p>Participaron el expresidente de la Rep\u00fablica y presidente de Funglode, Leonel Fern\u00e1ndez, exvicepresidente, Rafael Alburquerque, y el expresidente del Grupo Prisa y exdirector del diario espa\u00f1ol El Pa\u00eds, Juan Luis Cebri\u00e1n.<\/p>\n\n\n\n<p>Tambi\u00e9n, Leonardo Matos Garc\u00eda y Eduardo Mart\u00ednez Lima, ejecutivos del Central Romana Corporation, as\u00ed como legisladores, representantes del cuerpo diplom\u00e1tico, l\u00edderes pol\u00edticos y representantes de diferentes segmentos de la sociedad.<\/p>\n\n\n\n<p>Fuente: Direcci\u00f3n de Estrategia y Comunicaci\u00f3n Gubernamental<\/p>\n\n\n\n<p>Ministerio Administrativo de la Presidencia de la Rep\u00fablica Dominicana<\/p>\n","protected":false},"excerpt":{"rendered":"<p>diariodominicano.com La Romana, R. D., 30 de noviembre, 2021.- La vicepresidenta de la Rep\u00fablica, Raquel Pe\u00f1a, indic\u00f3 que Rep\u00fablica Dominicana se mantiene\u00a0vigilante ante la reca\u00eddas que viven otros pa\u00edses debido a la nueva variante del Covid-19. Al participar del Foro Global Casa de Campo: Tendencias de un mundo en Transformaci\u00f3n, la tambi\u00e9n&nbsp; coordinadora del Gabinete [&hellip;]<\/p>\n","protected":false},"author":5,"featured_media":312540,"comment_status":"closed","ping_status":"","sticky":true,"template":"","format":"standard","meta":{"footnotes":""},"categories":[20,27],"tags":[],"class_list":["post-312539","post","type-post","status-publish","format-standard","has-post-thumbnail","hentry","category-dominicana-hoy","category-portada"],"_links":{"self":[{"href":"https:\/\/diariodominicano.com\/index.php?rest_route=\/wp\/v2\/posts\/312539","targetHints":{"allow":["GET"]}}],"collection":[{"href":"https:\/\/diariodominicano.com\/index.php?rest_route=\/wp\/v2\/posts"}],"about":[{"href":"https:\/\/diariodominicano.com\/index.php?rest_route=\/wp\/v2\/types\/post"}],"author":[{"embeddable":true,"href":"https:\/\/diariodominicano.com\/index.php?rest_route=\/wp\/v2\/users\/5"}],"replies":[{"embeddable":true,"href":"https:\/\/diariodominicano.com\/index.php?rest_route=%2Fwp%2Fv2%2Fcomments&post=312539"}],"version-history":[{"count":1,"href":"https:\/\/diariodominicano.com\/index.php?rest_route=\/wp\/v2\/posts\/312539\/revisions"}],"predecessor-version":[{"id":312541,"href":"https:\/\/diariodominicano.com\/index.php?rest_route=\/wp\/v2\/posts\/312539\/revisions\/312541"}],"wp:featuredmedia":[{"embeddable":true,"href":"https:\/\/diariodominicano.com\/index.php?rest_route=\/wp\/v2\/media\/312540"}],"wp:attachment":[{"href":"https:\/\/diariodominicano.com\/index.php?rest_route=%2Fwp%2Fv2%2Fmedia&parent=312539"}],"wp:term":[{"taxonomy":"category","embeddable":true,"href":"https:\/\/diariodominicano.com\/index.php?rest_route=%2Fwp%2Fv2%2Fcategories&post=312539"},{"taxonomy":"post_tag","embeddable":true,"href":"https:\/\/diariodominicano.com\/index.php?rest_route=%2Fwp%2Fv2%2Ftags&post=312539"}],"curies":[{"name":"wp","href":"https:\/\/api.w.org\/{rel}","templated":true}]}}