{"id":312502,"date":"2021-11-30T16:59:29","date_gmt":"2021-11-30T20:59:29","guid":{"rendered":"http:\/\/diariodominicano.com\/?p=312502"},"modified":"2021-11-30T16:59:29","modified_gmt":"2021-11-30T20:59:29","slug":"francia-detecta-primer-caso-de-variante-omicron-en-territorio-de-ultramar","status":"publish","type":"post","link":"https:\/\/diariodominicano.com\/?p=312502","title":{"rendered":"Francia detecta primer caso de variante Omicron en territorio de ultramar"},"content":{"rendered":"\n<p>diariodominicano.com<a rel=\"noreferrer noopener\" href=\"https:\/\/www.xinhua-news.com\/gdsdetailxhs\/share\/10670687-?pageflag=iframe\" target=\"_blank\"><\/a><\/p>\n\n\n\n<pre id=\"text-news-description\" class=\"wp-block-preformatted\">   PARIS, 30 nov (Xinhua) -- El Gobierno de Francia fue informado el lunes por la noche que un caso de la variante Omicron del coronavirus fue detectado en La Reuni\u00f3n, territorio franc\u00e9s de ultramar al este del continente africano, confirm\u00f3 hoy martes el portavoz del Gobierno, Gabriel Attal.\n   En declaraciones a la Radio Europe 1, Attal se\u00f1al\u00f3 que el paciente viaj\u00f3 a Mozambique del 14 al 19 de noviembre, y regres\u00f3 a La Reuni\u00f3n el 21 de noviembre, cuando dio positivo.\n   Indic\u00f3 que hay seis personas que son \"casos de contacto\" consideradas en riesgo. El estado de salud del paciente se reporta como \"no deteriorado\".\n   El Ministerio de Salud de Francia report\u00f3 el domingo por la noche ocho casos sospechosos de la variante Omicron entre los pasajeros que dieron positivo luego de sus viajes a \u00c1frica en los \u00faltimos 14 d\u00edas.\n   Como medida preventiva, Francia ha decidido, junto con otros pa\u00edses de la Uni\u00f3n Europea, suspender los vuelos provenientes de siete pa\u00edses del sur de \u00c1frica. <\/pre>\n","protected":false},"excerpt":{"rendered":"<p>diariodominicano.com PARIS, 30 nov (Xinhua) &#8212; El Gobierno de Francia fue informado el lunes por la noche que un caso de la variante Omicron del coronavirus fue detectado en La Reuni\u00f3n, territorio franc\u00e9s de ultramar al este del continente africano, confirm\u00f3 hoy martes el portavoz del Gobierno, Gabriel Attal. En declaraciones a la Radio Europe [&hellip;]<\/p>\n","protected":false},"author":5,"featured_media":312504,"comment_status":"closed","ping_status":"","sticky":true,"template":"","format":"standard","meta":{"footnotes":""},"categories":[23,27],"tags":[],"class_list":["post-312502","post","type-post","status-publish","format-standard","has-post-thumbnail","hentry","category-internacional","category-portada"],"_links":{"self":[{"href":"https:\/\/diariodominicano.com\/index.php?rest_route=\/wp\/v2\/posts\/312502","targetHints":{"allow":["GET"]}}],"collection":[{"href":"https:\/\/diariodominicano.com\/index.php?rest_route=\/wp\/v2\/posts"}],"about":[{"href":"https:\/\/diariodominicano.com\/index.php?rest_route=\/wp\/v2\/types\/post"}],"author":[{"embeddable":true,"href":"https:\/\/diariodominicano.com\/index.php?rest_route=\/wp\/v2\/users\/5"}],"replies":[{"embeddable":true,"href":"https:\/\/diariodominicano.com\/index.php?rest_route=%2Fwp%2Fv2%2Fcomments&post=312502"}],"version-history":[{"count":1,"href":"https:\/\/diariodominicano.com\/index.php?rest_route=\/wp\/v2\/posts\/312502\/revisions"}],"predecessor-version":[{"id":312505,"href":"https:\/\/diariodominicano.com\/index.php?rest_route=\/wp\/v2\/posts\/312502\/revisions\/312505"}],"wp:featuredmedia":[{"embeddable":true,"href":"https:\/\/diariodominicano.com\/index.php?rest_route=\/wp\/v2\/media\/312504"}],"wp:attachment":[{"href":"https:\/\/diariodominicano.com\/index.php?rest_route=%2Fwp%2Fv2%2Fmedia&parent=312502"}],"wp:term":[{"taxonomy":"category","embeddable":true,"href":"https:\/\/diariodominicano.com\/index.php?rest_route=%2Fwp%2Fv2%2Fcategories&post=312502"},{"taxonomy":"post_tag","embeddable":true,"href":"https:\/\/diariodominicano.com\/index.php?rest_route=%2Fwp%2Fv2%2Ftags&post=312502"}],"curies":[{"name":"wp","href":"https:\/\/api.w.org\/{rel}","templated":true}]}}