{"id":312495,"date":"2021-11-30T16:43:53","date_gmt":"2021-11-30T20:43:53","guid":{"rendered":"http:\/\/diariodominicano.com\/?p=312495"},"modified":"2021-11-30T16:43:53","modified_gmt":"2021-11-30T20:43:53","slug":"separatistas-armados-secuestran-a-funcionario-en-conflictiva-region-anglofona-de-camerun","status":"publish","type":"post","link":"https:\/\/diariodominicano.com\/?p=312495","title":{"rendered":"Separatistas armados secuestran a funcionario en conflictiva regi\u00f3n angl\u00f3fona de Camer\u00fan"},"content":{"rendered":"\n<p>diariodominicano.com<\/p>\n\n\n\n<pre id=\"text-news-description\" class=\"wp-block-preformatted\">   YAUND\u00c9, 30 nov (Xinhua) -- Combatientes separatistas de la conflictiva regi\u00f3n angl\u00f3fona de Noroeste en Camer\u00fan dijeron hoy que secuestraron a un funcionario de la Corporaci\u00f3n de Servicio de Agua de Camer\u00fan (Camwater), una compa\u00f1\u00eda p\u00fablico-privada que abastece de agua al pa\u00eds.\n   El funcionario, que dirige la compa\u00f1\u00eda en la regi\u00f3n, fue visto suplicando por su seguridad y libertad en un video dado a conocer hoy por combatientes separatistas.\n   En el video se escucha decir a los combatientes que s\u00f3lo lo liberar\u00e1n cuando se pague un rescate de 10 millones de francos CFA (alrededor de 17.299 d\u00f3lares) y la compa\u00f1\u00eda deje de cobrar dinero por el uso de grifos p\u00fablicos.\n   Funcionarios de Camwater contactados por Xinhua confirmaron el secuestro y dijeron que fuerzas de seguridad comenzaron las operaciones para su liberaci\u00f3n segura.\n   Los secuestros son comunes en las regiones angl\u00f3fonas de Camer\u00fan de Noroeste y Suroeste, en donde est\u00e1 en marcha un conflicto separatista armado. Las festividades decembrinas de fin de a\u00f1o tambi\u00e9n se caracterizan normalmente por secuestros y actos de violencia en las regiones, seg\u00fan informes de seguridad. <\/pre>\n","protected":false},"excerpt":{"rendered":"<p>diariodominicano.com YAUND\u00c9, 30 nov (Xinhua) &#8212; Combatientes separatistas de la conflictiva regi\u00f3n angl\u00f3fona de Noroeste en Camer\u00fan dijeron hoy que secuestraron a un funcionario de la Corporaci\u00f3n de Servicio de Agua de Camer\u00fan (Camwater), una compa\u00f1\u00eda p\u00fablico-privada que abastece de agua al pa\u00eds. El funcionario, que dirige la compa\u00f1\u00eda en la regi\u00f3n, fue visto suplicando [&hellip;]<\/p>\n","protected":false},"author":5,"featured_media":312496,"comment_status":"closed","ping_status":"","sticky":true,"template":"","format":"standard","meta":{"footnotes":""},"categories":[23,27],"tags":[],"class_list":["post-312495","post","type-post","status-publish","format-standard","has-post-thumbnail","hentry","category-internacional","category-portada"],"_links":{"self":[{"href":"https:\/\/diariodominicano.com\/index.php?rest_route=\/wp\/v2\/posts\/312495","targetHints":{"allow":["GET"]}}],"collection":[{"href":"https:\/\/diariodominicano.com\/index.php?rest_route=\/wp\/v2\/posts"}],"about":[{"href":"https:\/\/diariodominicano.com\/index.php?rest_route=\/wp\/v2\/types\/post"}],"author":[{"embeddable":true,"href":"https:\/\/diariodominicano.com\/index.php?rest_route=\/wp\/v2\/users\/5"}],"replies":[{"embeddable":true,"href":"https:\/\/diariodominicano.com\/index.php?rest_route=%2Fwp%2Fv2%2Fcomments&post=312495"}],"version-history":[{"count":1,"href":"https:\/\/diariodominicano.com\/index.php?rest_route=\/wp\/v2\/posts\/312495\/revisions"}],"predecessor-version":[{"id":312497,"href":"https:\/\/diariodominicano.com\/index.php?rest_route=\/wp\/v2\/posts\/312495\/revisions\/312497"}],"wp:featuredmedia":[{"embeddable":true,"href":"https:\/\/diariodominicano.com\/index.php?rest_route=\/wp\/v2\/media\/312496"}],"wp:attachment":[{"href":"https:\/\/diariodominicano.com\/index.php?rest_route=%2Fwp%2Fv2%2Fmedia&parent=312495"}],"wp:term":[{"taxonomy":"category","embeddable":true,"href":"https:\/\/diariodominicano.com\/index.php?rest_route=%2Fwp%2Fv2%2Fcategories&post=312495"},{"taxonomy":"post_tag","embeddable":true,"href":"https:\/\/diariodominicano.com\/index.php?rest_route=%2Fwp%2Fv2%2Ftags&post=312495"}],"curies":[{"name":"wp","href":"https:\/\/api.w.org\/{rel}","templated":true}]}}