{"id":312492,"date":"2021-11-30T16:24:16","date_gmt":"2021-11-30T20:24:16","guid":{"rendered":"http:\/\/diariodominicano.com\/?p=312492"},"modified":"2021-11-30T16:24:16","modified_gmt":"2021-11-30T20:24:16","slug":"ministerio-de-trabajo-invita-a-jornada-multiple-de-empleos-en-la-vega-bonao-san-francisco-de-macoris-la-altagracia-y-dajabon","status":"publish","type":"post","link":"https:\/\/diariodominicano.com\/?p=312492","title":{"rendered":"Ministerio de Trabajo invita a jornada m\u00faltiple de empleos en la Vega, Bonao, San Francisco de Macor\u00eds, La Altagracia y Dajab\u00f3n"},"content":{"rendered":"\n<p>diariodominicano.com<\/p>\n\n\n\n<p>Santo Domingo, R. D., 30 de noviembre, 2021.- El Ministerio de Trabajo invita a las personas interesadas a depositar sus curr\u00edculos en las jornadas de empleos m\u00faltiples que realizar\u00e1 una empresa de servicios en la Vega, Bonao y San Francisco de Macor\u00eds.<\/p>\n\n\n\n<p>Por su parte, otras empresas del sector hotelero y zona franca desarrollar\u00e1n una jornada de captaci\u00f3n de empleos en las provincias de La Altagracia y Dajab\u00f3n.<\/p>\n\n\n\n<p>Las mismas se realizar\u00e1n de forma simult\u00e1nea este mi\u00e9rcoles 1 de diciembre del a\u00f1o en curso, en horario de 9:00 de la ma\u00f1ana a 3:00 de la tarde.<\/p>\n\n\n\n<p>La jornada de La Vega se llevar\u00e1 a cabo en el primer nivel del edificio Ram\u00f3n Gil, ubicado en la calle Padre Adolfo esquina Juana Saltitopa,.<\/p>\n\n\n\n<p>En Bonao, el evento se realizar\u00e1 en el primer nivel del edificio Jos\u00e9 Delio Guzm\u00e1n, situado en la calle T. Peynado esquina 27 de Febrero.<\/p>\n\n\n\n<p>En San Francisco de Macor\u00eds, el evento se efectuar\u00e1 en el tercer piso de la Plaza Juan Pablo Duarte, en la calle Papi Oliver,.<\/p>\n\n\n\n<p>El mi\u00e9rcoles 1 y jueves 2 de diciembre se desarrollar\u00e1 la jornada de empleos en La Altagracia, en la calle Altagracia n\u00famero 23, recinto de la Universidad Aut\u00f3noma de Santo Domingo (UASD).<\/p>\n\n\n\n<p>En Dajab\u00f3n, la actividad se llevar\u00e1 a cabo en el Parque Juan Pablo Duarte, frente a la iglesia cat\u00f3lica.<\/p>\n\n\n\n<p>En La Altagracia, las vacantes son para ama de llaves, camaristas y pasilleros.<\/p>\n\n\n\n<p>En Dajab\u00f3n, los puestos disponibles son para ingenieros de calidad, gerentes de producci\u00f3n, gerentes de calidad, supervisores, mec\u00e1nicos y encargados de mec\u00e1nica.<\/p>\n\n\n\n<p>Estos empleos piden como requisitos tener experiencia en las \u00e1reas a aplicar y disponibilidad inmediata.<\/p>\n\n\n\n<p>Los asistentes deber\u00e1n portar mascarillas obligatoriamente, como medida protocolar para la prevenci\u00f3n del contagio del Covid-19.<\/p>\n\n\n\n<p>Los interesados deber\u00e1n registrase en la p\u00e1gina web rdtrabaja.mt.gob.do o llamar a los tel\u00e9fonos (809) 573-7774 en la Vega; (809) 841-3062 en Bonao, (809) 588-7659 en San Francisco de Macor\u00eds, (809) 554-1281 y en Dajab\u00f3n al (809) 579-2616.<\/p>\n\n\n\n<p>Fuente: Direcci\u00f3n de Estrategia y Comunicaci\u00f3n Gubernamental<\/p>\n\n\n\n<p>Ministerio Administrativo de la Presidencia de la Rep\u00fablica Dominicana<\/p>\n","protected":false},"excerpt":{"rendered":"<p>diariodominicano.com Santo Domingo, R. D., 30 de noviembre, 2021.- El Ministerio de Trabajo invita a las personas interesadas a depositar sus curr\u00edculos en las jornadas de empleos m\u00faltiples que realizar\u00e1 una empresa de servicios en la Vega, Bonao y San Francisco de Macor\u00eds. Por su parte, otras empresas del sector hotelero y zona franca desarrollar\u00e1n [&hellip;]<\/p>\n","protected":false},"author":5,"featured_media":312493,"comment_status":"closed","ping_status":"","sticky":true,"template":"","format":"standard","meta":{"footnotes":""},"categories":[20,27],"tags":[],"class_list":["post-312492","post","type-post","status-publish","format-standard","has-post-thumbnail","hentry","category-dominicana-hoy","category-portada"],"_links":{"self":[{"href":"https:\/\/diariodominicano.com\/index.php?rest_route=\/wp\/v2\/posts\/312492","targetHints":{"allow":["GET"]}}],"collection":[{"href":"https:\/\/diariodominicano.com\/index.php?rest_route=\/wp\/v2\/posts"}],"about":[{"href":"https:\/\/diariodominicano.com\/index.php?rest_route=\/wp\/v2\/types\/post"}],"author":[{"embeddable":true,"href":"https:\/\/diariodominicano.com\/index.php?rest_route=\/wp\/v2\/users\/5"}],"replies":[{"embeddable":true,"href":"https:\/\/diariodominicano.com\/index.php?rest_route=%2Fwp%2Fv2%2Fcomments&post=312492"}],"version-history":[{"count":1,"href":"https:\/\/diariodominicano.com\/index.php?rest_route=\/wp\/v2\/posts\/312492\/revisions"}],"predecessor-version":[{"id":312494,"href":"https:\/\/diariodominicano.com\/index.php?rest_route=\/wp\/v2\/posts\/312492\/revisions\/312494"}],"wp:featuredmedia":[{"embeddable":true,"href":"https:\/\/diariodominicano.com\/index.php?rest_route=\/wp\/v2\/media\/312493"}],"wp:attachment":[{"href":"https:\/\/diariodominicano.com\/index.php?rest_route=%2Fwp%2Fv2%2Fmedia&parent=312492"}],"wp:term":[{"taxonomy":"category","embeddable":true,"href":"https:\/\/diariodominicano.com\/index.php?rest_route=%2Fwp%2Fv2%2Fcategories&post=312492"},{"taxonomy":"post_tag","embeddable":true,"href":"https:\/\/diariodominicano.com\/index.php?rest_route=%2Fwp%2Fv2%2Ftags&post=312492"}],"curies":[{"name":"wp","href":"https:\/\/api.w.org\/{rel}","templated":true}]}}