{"id":312489,"date":"2021-11-30T16:17:29","date_gmt":"2021-11-30T20:17:29","guid":{"rendered":"http:\/\/diariodominicano.com\/?p=312489"},"modified":"2021-11-30T16:17:29","modified_gmt":"2021-11-30T20:17:29","slug":"primera-mujer-en-ocupar-cargo-de-premier-en-suecia-anuncia-nuevo-gabinete-y-prioridades","status":"publish","type":"post","link":"https:\/\/diariodominicano.com\/?p=312489","title":{"rendered":"Primera mujer en ocupar cargo de premier en Suecia anuncia nuevo gabinete y prioridades"},"content":{"rendered":"\n<p>diariodominicano.com<a rel=\"noreferrer noopener\" href=\"https:\/\/www.xinhua-news.com\/gdsdetailxhs\/share\/10670798-?pageflag=iframe\" target=\"_blank\"><\/a><\/p>\n\n\n\n<pre id=\"text-news-description\" class=\"wp-block-preformatted\">   ESTOCOLMO, 30 nov (Xinhua) -- La nueva primera ministra de Suecia, Magdalena Andersson, present\u00f3 formalmente su gabinete de minor\u00eda y anunci\u00f3 sus prioridades de Gobierno hoy martes.\n   Andersson, quien el lunes por segunda ocasi\u00f3n en menos de una semana fue aprobada por el Parlamento para convertirse en la primera mujer en ocupar el cargo en Suecia, identific\u00f3 tres \u00e1reas como particularmente importantes durante su mandato en el cargo que durar\u00e1 hasta la elecci\u00f3n general programada para el 22 de septiembre de 2022.\n   Se\u00f1al\u00f3 que planea abordar a segregaci\u00f3n y rechazar los delitos violentos, y a\u00f1adi\u00f3 que en lo que va del a\u00f1o el pa\u00eds ha registrado 290 incidentes armados que han dejado 42 muertos.\n   Adem\u00e1s, prometi\u00f3 una \"revoluci\u00f3n industrial ecol\u00f3gica a trav\u00e9s de inversiones en todo el pa\u00eds\", lo cual reducir\u00e1 las emisiones a la vez que crea nuevas oportunidades de empleo.\n   Andersson tambi\u00e9n prometi\u00f3 iniciar el proceso para controlar la situaci\u00f3n del sistema de asistencia social para garantizar que todos los trabajadores puedan disfrutar de \"condiciones decentes y justas\".\n   \"De esta manera, podemos garantizar una alta calidad en las escuelas, la atenci\u00f3n m\u00e9dica y la asistencia social en el pa\u00eds\", dijo Andersson, a la vez que prometi\u00f3 \"garantizar el seguro social y las pensiones\".\n   Andersson tambi\u00e9n present\u00f3 a m\u00e1s de 20 ministros, de los cuales casi la mitad son los mismos que en el anterior Gobierno. Mikael Damberg reemplazar\u00e1 a Andersson como ministro de Finanzas. <\/pre>\n","protected":false},"excerpt":{"rendered":"<p>diariodominicano.com ESTOCOLMO, 30 nov (Xinhua) &#8212; La nueva primera ministra de Suecia, Magdalena Andersson, present\u00f3 formalmente su gabinete de minor\u00eda y anunci\u00f3 sus prioridades de Gobierno hoy martes. Andersson, quien el lunes por segunda ocasi\u00f3n en menos de una semana fue aprobada por el Parlamento para convertirse en la primera mujer en ocupar el cargo [&hellip;]<\/p>\n","protected":false},"author":5,"featured_media":312490,"comment_status":"closed","ping_status":"","sticky":true,"template":"","format":"standard","meta":{"footnotes":""},"categories":[23,27],"tags":[],"class_list":["post-312489","post","type-post","status-publish","format-standard","has-post-thumbnail","hentry","category-internacional","category-portada"],"_links":{"self":[{"href":"https:\/\/diariodominicano.com\/index.php?rest_route=\/wp\/v2\/posts\/312489","targetHints":{"allow":["GET"]}}],"collection":[{"href":"https:\/\/diariodominicano.com\/index.php?rest_route=\/wp\/v2\/posts"}],"about":[{"href":"https:\/\/diariodominicano.com\/index.php?rest_route=\/wp\/v2\/types\/post"}],"author":[{"embeddable":true,"href":"https:\/\/diariodominicano.com\/index.php?rest_route=\/wp\/v2\/users\/5"}],"replies":[{"embeddable":true,"href":"https:\/\/diariodominicano.com\/index.php?rest_route=%2Fwp%2Fv2%2Fcomments&post=312489"}],"version-history":[{"count":1,"href":"https:\/\/diariodominicano.com\/index.php?rest_route=\/wp\/v2\/posts\/312489\/revisions"}],"predecessor-version":[{"id":312491,"href":"https:\/\/diariodominicano.com\/index.php?rest_route=\/wp\/v2\/posts\/312489\/revisions\/312491"}],"wp:featuredmedia":[{"embeddable":true,"href":"https:\/\/diariodominicano.com\/index.php?rest_route=\/wp\/v2\/media\/312490"}],"wp:attachment":[{"href":"https:\/\/diariodominicano.com\/index.php?rest_route=%2Fwp%2Fv2%2Fmedia&parent=312489"}],"wp:term":[{"taxonomy":"category","embeddable":true,"href":"https:\/\/diariodominicano.com\/index.php?rest_route=%2Fwp%2Fv2%2Fcategories&post=312489"},{"taxonomy":"post_tag","embeddable":true,"href":"https:\/\/diariodominicano.com\/index.php?rest_route=%2Fwp%2Fv2%2Ftags&post=312489"}],"curies":[{"name":"wp","href":"https:\/\/api.w.org\/{rel}","templated":true}]}}