{"id":312486,"date":"2021-11-30T16:05:33","date_gmt":"2021-11-30T20:05:33","guid":{"rendered":"http:\/\/diariodominicano.com\/?p=312486"},"modified":"2021-11-30T16:05:33","modified_gmt":"2021-11-30T20:05:33","slug":"mide-conquista-dos-primeros-lugares-en-premios-latam-digital-2021","status":"publish","type":"post","link":"https:\/\/diariodominicano.com\/?p=312486","title":{"rendered":"MIDE conquista dos primeros lugares en Premios LATAM Digital 2021"},"content":{"rendered":"\n<p>diariodominicano.com<\/p>\n\n\n\n<p>Bogot\u00e1, Colombia, R. D.,  30 de noviembre, 2021.- El Ministerio de Defensa de Rep\u00fablica Dominicana (MIDE) conquist\u00f3 dos primeros lugares en la novena edici\u00f3n de los Premios LATAM Digital 2021, celebrados aqu\u00ed y en los que se postularon m\u00e1s de 1,700 proyectos en 54 categor\u00edas de la industria digital del continente.<\/p>\n\n\n\n<p>Las estatuillas de Primer Lugar corresponden a las categor\u00edas \u201cMejor Campa\u00f1a Gubernamental en Redes Sociales de Latinoam\u00e9rica\u201d y \u201cMejor Campa\u00f1a en Twitter\u201d con el trabajo \u201cFuerzas Armadas contra la COVID-19\u201d.<\/p>\n\n\n\n<p>Ambas campa\u00f1as fueron premiadas por su incidencia e impacto en la comunidad digital dominicana y de la regi\u00f3n latinoamericana.<\/p>\n\n\n\n<p>Las preseas fueron recibidas en una ceremonia de gala, en la que el ministro de Defensa, teniente general Carlos Luciano D\u00edaz Morfa, ERD, fue representado por el coronel H\u00e9ctor Rafael Herrera Vargas, FAD, agregado de Defensa Militar, Naval, A\u00e9rea y Policial de la Embajada dominicana en Colombia.<\/p>\n\n\n\n<p>Los premios LATAM&nbsp;Digital constituyen el mayor reconocimiento a la industria digital internacional y distinguen los mejores proyectos comunicacionales elaborados por organizaciones p\u00fablicas y privadas. El MIDE fue la \u00fanica entidad militar participante y sus propuestas estuvieron por primera vez en el certamen.<\/p>\n\n\n\n<p>Las campa\u00f1as reconocidas tuvieron difusi\u00f3n a trav\u00e9s de las Direcciones de Asuntos Civiles y Relaciones P\u00fablicas de las fuerzas militares y las dependencias del MIDE, las que han contribuido con la resiliencia estrat\u00e9gica de la poblaci\u00f3n.<\/p>\n\n\n\n<p>\u201cNuestras Fuerzas Armadas han demostrado verdadera vocaci\u00f3n de servicio a trav\u00e9s de sus operaciones militares de apoyo a las autoridades sanitarias; un accionar que se ha dado a conocer mediante la comunicaci\u00f3n digital desde nuestras instituciones castrenses, guiadas por el mandato constitucional de contribuir con la protecci\u00f3n de la poblaci\u00f3n civil en medio de emergencias\u201d, manifest\u00f3 el ministro de Defensa D\u00edaz Morfa, al referirse a los premios.<\/p>\n\n\n\n<p>El titular del MIDE felicit\u00f3 \u201ca todos quienes de una u otra forma han impulsado este trabajo desde FF.AA., a trav\u00e9s de la concepci\u00f3n, planificaci\u00f3n y ejecutoria de campa\u00f1as digitales, con el acompa\u00f1amiento de un equipo profesional multidisciplinario, que a trav\u00e9s del Departamento de Comunicaci\u00f3n Digital y Audiovisuales del J5, cuyo encargado es el capit\u00e1n paracaidista Fahd Y. Jacobo Salado, motiv\u00f3 la postulaci\u00f3n al certamen en la actual gesti\u00f3n militar\u201d.<\/p>\n\n\n\n<p>Detall\u00f3, a su vez, que dichas campa\u00f1as fueron promovidas durante el per\u00edodo 2020-2021, mediante la difusi\u00f3n de contenidos digitales con audiovisuales y gr\u00e1ficas alusivas que incidieron en la conciencia colectiva sobre los riesgos y la importancia del autocuidado en medio de la pandemia.<\/p>\n\n\n\n<p>Con la Campa\u00f1a \u00abFuerzas Armadas contra la Covid-19\u00bb el principal objetivo fue salvar vidas, por lo que el plan de comunicaci\u00f3n digital en apoyo al gobierno dominicano consisti\u00f3 en informar oportunamente a la poblaci\u00f3n, prevenir el contagio de esta enfermedad a trav\u00e9s de distintas iniciativas, concientizar sobre la importancia de usar las mascarillas e incentivar a la poblaci\u00f3n a vacunarse.<\/p>\n\n\n\n<p>Fuente: Direcci\u00f3n de Estrategia y Comunicaci\u00f3n Gubernamental<\/p>\n\n\n\n<p>Ministerio Administrativo de la Presidencia de la Rep\u00fablica Dominicana<\/p>\n","protected":false},"excerpt":{"rendered":"<p>diariodominicano.com Bogot\u00e1, Colombia, R. D., 30 de noviembre, 2021.- El Ministerio de Defensa de Rep\u00fablica Dominicana (MIDE) conquist\u00f3 dos primeros lugares en la novena edici\u00f3n de los Premios LATAM Digital 2021, celebrados aqu\u00ed y en los que se postularon m\u00e1s de 1,700 proyectos en 54 categor\u00edas de la industria digital del continente. Las estatuillas de [&hellip;]<\/p>\n","protected":false},"author":5,"featured_media":312487,"comment_status":"closed","ping_status":"","sticky":true,"template":"","format":"standard","meta":{"footnotes":""},"categories":[20,27],"tags":[],"class_list":["post-312486","post","type-post","status-publish","format-standard","has-post-thumbnail","hentry","category-dominicana-hoy","category-portada"],"_links":{"self":[{"href":"https:\/\/diariodominicano.com\/index.php?rest_route=\/wp\/v2\/posts\/312486","targetHints":{"allow":["GET"]}}],"collection":[{"href":"https:\/\/diariodominicano.com\/index.php?rest_route=\/wp\/v2\/posts"}],"about":[{"href":"https:\/\/diariodominicano.com\/index.php?rest_route=\/wp\/v2\/types\/post"}],"author":[{"embeddable":true,"href":"https:\/\/diariodominicano.com\/index.php?rest_route=\/wp\/v2\/users\/5"}],"replies":[{"embeddable":true,"href":"https:\/\/diariodominicano.com\/index.php?rest_route=%2Fwp%2Fv2%2Fcomments&post=312486"}],"version-history":[{"count":1,"href":"https:\/\/diariodominicano.com\/index.php?rest_route=\/wp\/v2\/posts\/312486\/revisions"}],"predecessor-version":[{"id":312488,"href":"https:\/\/diariodominicano.com\/index.php?rest_route=\/wp\/v2\/posts\/312486\/revisions\/312488"}],"wp:featuredmedia":[{"embeddable":true,"href":"https:\/\/diariodominicano.com\/index.php?rest_route=\/wp\/v2\/media\/312487"}],"wp:attachment":[{"href":"https:\/\/diariodominicano.com\/index.php?rest_route=%2Fwp%2Fv2%2Fmedia&parent=312486"}],"wp:term":[{"taxonomy":"category","embeddable":true,"href":"https:\/\/diariodominicano.com\/index.php?rest_route=%2Fwp%2Fv2%2Fcategories&post=312486"},{"taxonomy":"post_tag","embeddable":true,"href":"https:\/\/diariodominicano.com\/index.php?rest_route=%2Fwp%2Fv2%2Ftags&post=312486"}],"curies":[{"name":"wp","href":"https:\/\/api.w.org\/{rel}","templated":true}]}}