{"id":312483,"date":"2021-11-30T15:34:56","date_gmt":"2021-11-30T19:34:56","guid":{"rendered":"http:\/\/diariodominicano.com\/?p=312483"},"modified":"2021-11-30T15:34:56","modified_gmt":"2021-11-30T19:34:56","slug":"capturan-en-ecuador-a-presunto-miembro-del-cartel-de-sinaloa","status":"publish","type":"post","link":"https:\/\/diariodominicano.com\/?p=312483","title":{"rendered":"Capturan en Ecuador a presunto miembro del C\u00e1rtel de Sinaloa"},"content":{"rendered":"\n<p>diariodominicano.com<\/p>\n\n\n\n<pre id=\"text-news-description\" class=\"wp-block-preformatted\">QUITO, 30 nov (Xinhua) -- Autoridades ecuatorianas capturaron en el pa\u00eds sudamericano a un presunto integrante del mexicano C\u00e1rtel de Sinaloa, sin revelar detalles del operativo que permiti\u00f3 su detenci\u00f3n, inform\u00f3 hoy martes la Polic\u00eda Nacional de Ecuador.\n   La instituci\u00f3n difundi\u00f3 en su cuenta de la red social Twitter que \"unidades investigativas capturaron\" en Quito a \"Brayan R., presunto integrante del 'C\u00e1rtel de Sinaloa', requerido por la justicia de #EEUU por narcotr\u00e1fico\".\n   La Polic\u00eda Nacional p\u00fablico una fotograf\u00eda del detenido junto a agentes policiales que lo custodiaban e indic\u00f3 que la autoridad competente tramitar\u00e1 la extradici\u00f3n del detenido.\n   El C\u00e1rtel de Sinaloa, conocido tambi\u00e9n como C\u00e1rtel del Pac\u00edfico, es una organizaci\u00f3n criminal dedicada al narcotr\u00e1fico, con presencia en muchas partes del mundo.<\/pre>\n","protected":false},"excerpt":{"rendered":"<p>diariodominicano.com QUITO, 30 nov (Xinhua) &#8212; Autoridades ecuatorianas capturaron en el pa\u00eds sudamericano a un presunto integrante del mexicano C\u00e1rtel de Sinaloa, sin revelar detalles del operativo que permiti\u00f3 su detenci\u00f3n, inform\u00f3 hoy martes la Polic\u00eda Nacional de Ecuador. La instituci\u00f3n difundi\u00f3 en su cuenta de la red social Twitter que \u00abunidades investigativas capturaron\u00bb en [&hellip;]<\/p>\n","protected":false},"author":5,"featured_media":312484,"comment_status":"closed","ping_status":"","sticky":true,"template":"","format":"standard","meta":{"footnotes":""},"categories":[23,27],"tags":[],"class_list":["post-312483","post","type-post","status-publish","format-standard","has-post-thumbnail","hentry","category-internacional","category-portada"],"_links":{"self":[{"href":"https:\/\/diariodominicano.com\/index.php?rest_route=\/wp\/v2\/posts\/312483","targetHints":{"allow":["GET"]}}],"collection":[{"href":"https:\/\/diariodominicano.com\/index.php?rest_route=\/wp\/v2\/posts"}],"about":[{"href":"https:\/\/diariodominicano.com\/index.php?rest_route=\/wp\/v2\/types\/post"}],"author":[{"embeddable":true,"href":"https:\/\/diariodominicano.com\/index.php?rest_route=\/wp\/v2\/users\/5"}],"replies":[{"embeddable":true,"href":"https:\/\/diariodominicano.com\/index.php?rest_route=%2Fwp%2Fv2%2Fcomments&post=312483"}],"version-history":[{"count":1,"href":"https:\/\/diariodominicano.com\/index.php?rest_route=\/wp\/v2\/posts\/312483\/revisions"}],"predecessor-version":[{"id":312485,"href":"https:\/\/diariodominicano.com\/index.php?rest_route=\/wp\/v2\/posts\/312483\/revisions\/312485"}],"wp:featuredmedia":[{"embeddable":true,"href":"https:\/\/diariodominicano.com\/index.php?rest_route=\/wp\/v2\/media\/312484"}],"wp:attachment":[{"href":"https:\/\/diariodominicano.com\/index.php?rest_route=%2Fwp%2Fv2%2Fmedia&parent=312483"}],"wp:term":[{"taxonomy":"category","embeddable":true,"href":"https:\/\/diariodominicano.com\/index.php?rest_route=%2Fwp%2Fv2%2Fcategories&post=312483"},{"taxonomy":"post_tag","embeddable":true,"href":"https:\/\/diariodominicano.com\/index.php?rest_route=%2Fwp%2Fv2%2Ftags&post=312483"}],"curies":[{"name":"wp","href":"https:\/\/api.w.org\/{rel}","templated":true}]}}