{"id":312387,"date":"2021-11-29T23:48:50","date_gmt":"2021-11-30T03:48:50","guid":{"rendered":"http:\/\/diariodominicano.com\/?p=312387"},"modified":"2021-11-29T23:48:50","modified_gmt":"2021-11-30T03:48:50","slug":"palacio-nacional-encendera-su-arbol-de-navidad-decorado-con-piezas-de-artesania-dominicana","status":"publish","type":"post","link":"https:\/\/diariodominicano.com\/?p=312387","title":{"rendered":"Palacio Nacional encender\u00e1 su \u00e1rbol de Navidad decorado con piezas de artesan\u00eda dominicana"},"content":{"rendered":"\n<p>diariodominicano.com<\/p>\n\n\n\n<p>Santo Domingo, R. D.,  29 de noviembre, 2021.- El presidente Luis Abinader, acompa\u00f1ado de la primera dama Raquel Arbaje, encender\u00e1 este martes el \u00e1rbol de Navidad del Palacio Nacional decorado con piezas hechas por artesanos y artesanas dominicanos.<\/p>\n\n\n\n<p>El evento, que tendr\u00e1 lugar a las 7:00 p.m. en la explanada de la casa de Gobierno con la presencia de ministros, directores y funcionarios, forma parte de una agenda de actividades que se realizar\u00e1n durante la temporada navide\u00f1a.<\/p>\n\n\n\n<p>El proyecto Manos Dominicanas facilit\u00f3 687 piezas de artesan\u00eda para la decoraci\u00f3n de diferentes \u00e1reas del Palacio Nacional, confeccionadas con diversas t\u00e9cnicas y cuyos detalles se podr\u00e1n apreciar en el \u00e1rbol de Navidad.<\/p>\n\n\n\n<p>La bendici\u00f3n del acto estar\u00e1 a cargo del sacerdote Fray Kelvis Acevedo, p\u00e1rroco de la iglesia San Rafael; y del pastor Dio Astacio, enlace con la Iglesia cristiana. Mientras que tambi\u00e9n se celebrar\u00e1 la presentaci\u00f3n del musical \u201cNavidad m\u00e1gica en concierto\u201d, producido y dirigido por Luis Marcell Ricart.<\/p>\n\n\n\n<p>La poblaci\u00f3n podr\u00e1 disfrutar de este despliegue de color, m\u00fasica y talento, a trav\u00e9s de una transmisi\u00f3n en vivo en el Canal 4 y de las redes sociales de Presidencia y de la primera dama.<\/p>\n\n\n\n<p>Fuente: Direcci\u00f3n de Estrategia y Comunicaci\u00f3n Gubernamental<\/p>\n\n\n\n<p>Ministerio Administrativo de la Presidencia de la Rep\u00fablica Dominicana<\/p>\n","protected":false},"excerpt":{"rendered":"<p>diariodominicano.com Santo Domingo, R. D., 29 de noviembre, 2021.- El presidente Luis Abinader, acompa\u00f1ado de la primera dama Raquel Arbaje, encender\u00e1 este martes el \u00e1rbol de Navidad del Palacio Nacional decorado con piezas hechas por artesanos y artesanas dominicanos. El evento, que tendr\u00e1 lugar a las 7:00 p.m. en la explanada de la casa de [&hellip;]<\/p>\n","protected":false},"author":5,"featured_media":312393,"comment_status":"closed","ping_status":"","sticky":true,"template":"","format":"standard","meta":{"footnotes":""},"categories":[25,27],"tags":[],"class_list":["post-312387","post","type-post","status-publish","format-standard","has-post-thumbnail","hentry","category-gente","category-portada"],"_links":{"self":[{"href":"https:\/\/diariodominicano.com\/index.php?rest_route=\/wp\/v2\/posts\/312387","targetHints":{"allow":["GET"]}}],"collection":[{"href":"https:\/\/diariodominicano.com\/index.php?rest_route=\/wp\/v2\/posts"}],"about":[{"href":"https:\/\/diariodominicano.com\/index.php?rest_route=\/wp\/v2\/types\/post"}],"author":[{"embeddable":true,"href":"https:\/\/diariodominicano.com\/index.php?rest_route=\/wp\/v2\/users\/5"}],"replies":[{"embeddable":true,"href":"https:\/\/diariodominicano.com\/index.php?rest_route=%2Fwp%2Fv2%2Fcomments&post=312387"}],"version-history":[{"count":1,"href":"https:\/\/diariodominicano.com\/index.php?rest_route=\/wp\/v2\/posts\/312387\/revisions"}],"predecessor-version":[{"id":312394,"href":"https:\/\/diariodominicano.com\/index.php?rest_route=\/wp\/v2\/posts\/312387\/revisions\/312394"}],"wp:featuredmedia":[{"embeddable":true,"href":"https:\/\/diariodominicano.com\/index.php?rest_route=\/wp\/v2\/media\/312393"}],"wp:attachment":[{"href":"https:\/\/diariodominicano.com\/index.php?rest_route=%2Fwp%2Fv2%2Fmedia&parent=312387"}],"wp:term":[{"taxonomy":"category","embeddable":true,"href":"https:\/\/diariodominicano.com\/index.php?rest_route=%2Fwp%2Fv2%2Fcategories&post=312387"},{"taxonomy":"post_tag","embeddable":true,"href":"https:\/\/diariodominicano.com\/index.php?rest_route=%2Fwp%2Fv2%2Ftags&post=312387"}],"curies":[{"name":"wp","href":"https:\/\/api.w.org\/{rel}","templated":true}]}}