{"id":312371,"date":"2021-11-29T23:41:48","date_gmt":"2021-11-30T03:41:48","guid":{"rendered":"http:\/\/diariodominicano.com\/?p=312371"},"modified":"2021-11-29T23:41:48","modified_gmt":"2021-11-30T03:41:48","slug":"espana-confirma-en-madrid-primer-caso-de-variante-omicron-de-covid-19","status":"publish","type":"post","link":"https:\/\/diariodominicano.com\/?p=312371","title":{"rendered":"Espa\u00f1a confirma en Madrid primer caso de variante Omicron de COVID-19"},"content":{"rendered":"\n<p>diariodominicano.com<a rel=\"noreferrer noopener\" href=\"https:\/\/www.xinhua-news.com\/gdsdetailxhs\/share\/10666382-?pageflag=iframe\" target=\"_blank\"><\/a><\/p>\n\n\n\n<pre id=\"text-news-description\" class=\"wp-block-preformatted\">   MADRID, 29 nov (Xinhua) -- El Servicio de Microbiolog\u00eda del Hospital Gregorio Mara\u00f1\u00f3n, de la capital espa\u00f1ola, Madrid, confirm\u00f3 hoy lunes el primer caso de la variante Omicron del nuevo coronavirus en un viajero procedente de Sud\u00e1frica.\n   \"Se ha confirmado hoy mismo por secuenciaci\u00f3n. Hemos logrado poner a punto un procedimiento ultrarr\u00e1pido que nos permite tener el resultado en el mismo d\u00eda\", apunt\u00f3 el hospital en su cuenta de Twitter, destacando que el paciente se encuentra bien.\n   La persona infectada es un var\u00f3n de 51 a\u00f1os que regres\u00f3 de Sud\u00e1frica con una escala en Amsterdam el pasado 28 de noviembre y que presenta una sintomatolog\u00eda leve. El positivo fue detectado mediante test de ant\u00edgenos en el aeropuerto Adolfo Su\u00e1rez Madrid-Barajas.\n   La Organizaci\u00f3n Mundial de la Salud advirti\u00f3 el pasado viernes que la nueva variante de la COVID-19, cuya primera muestra se recolect\u00f3 el 9 de noviembre pasado en Sud\u00e1frica, y a la que llam\u00f3 Omicron, es \"de preocupaci\u00f3n\" en vista de la gran cantidad de mutaciones que presenta.\n   Ante el hallazgo de la nueva variante, el Grupo T\u00e9cnico Asesor sobre la Evoluci\u00f3n del Virus del SARS-CoV-2 indic\u00f3 que la Omicron muestra mutaciones m\u00faltiples, algunas de las cuales sugieren un mayor riesgo de reinfecci\u00f3n que otras variantes.\n   Los ministros de Sanidad del Grupo de los Siete (G7) se reunieron este lunes y destacaron que la aparici\u00f3n de esta \"muy transmisible\" variante Omicron obliga a tomar \"acciones urgentes\", y enfatizaron en la \"relevancia estrat\u00e9gica de garantizar el acceso a las vacunas\" contra la COVID-19.\n   El G7 est\u00e1 integrado por Estados Unidos, Reino Unido, Alemania, Francia, Italia, Canad\u00e1 y Jap\u00f3n.<\/pre>\n","protected":false},"excerpt":{"rendered":"<p>diariodominicano.com MADRID, 29 nov (Xinhua) &#8212; El Servicio de Microbiolog\u00eda del Hospital Gregorio Mara\u00f1\u00f3n, de la capital espa\u00f1ola, Madrid, confirm\u00f3 hoy lunes el primer caso de la variante Omicron del nuevo coronavirus en un viajero procedente de Sud\u00e1frica. \u00abSe ha confirmado hoy mismo por secuenciaci\u00f3n. Hemos logrado poner a punto un procedimiento ultrarr\u00e1pido que nos [&hellip;]<\/p>\n","protected":false},"author":5,"featured_media":312385,"comment_status":"closed","ping_status":"","sticky":true,"template":"","format":"standard","meta":{"footnotes":""},"categories":[23,27],"tags":[],"class_list":["post-312371","post","type-post","status-publish","format-standard","has-post-thumbnail","hentry","category-internacional","category-portada"],"_links":{"self":[{"href":"https:\/\/diariodominicano.com\/index.php?rest_route=\/wp\/v2\/posts\/312371","targetHints":{"allow":["GET"]}}],"collection":[{"href":"https:\/\/diariodominicano.com\/index.php?rest_route=\/wp\/v2\/posts"}],"about":[{"href":"https:\/\/diariodominicano.com\/index.php?rest_route=\/wp\/v2\/types\/post"}],"author":[{"embeddable":true,"href":"https:\/\/diariodominicano.com\/index.php?rest_route=\/wp\/v2\/users\/5"}],"replies":[{"embeddable":true,"href":"https:\/\/diariodominicano.com\/index.php?rest_route=%2Fwp%2Fv2%2Fcomments&post=312371"}],"version-history":[{"count":1,"href":"https:\/\/diariodominicano.com\/index.php?rest_route=\/wp\/v2\/posts\/312371\/revisions"}],"predecessor-version":[{"id":312386,"href":"https:\/\/diariodominicano.com\/index.php?rest_route=\/wp\/v2\/posts\/312371\/revisions\/312386"}],"wp:featuredmedia":[{"embeddable":true,"href":"https:\/\/diariodominicano.com\/index.php?rest_route=\/wp\/v2\/media\/312385"}],"wp:attachment":[{"href":"https:\/\/diariodominicano.com\/index.php?rest_route=%2Fwp%2Fv2%2Fmedia&parent=312371"}],"wp:term":[{"taxonomy":"category","embeddable":true,"href":"https:\/\/diariodominicano.com\/index.php?rest_route=%2Fwp%2Fv2%2Fcategories&post=312371"},{"taxonomy":"post_tag","embeddable":true,"href":"https:\/\/diariodominicano.com\/index.php?rest_route=%2Fwp%2Fv2%2Ftags&post=312371"}],"curies":[{"name":"wp","href":"https:\/\/api.w.org\/{rel}","templated":true}]}}