{"id":312368,"date":"2021-11-29T23:35:03","date_gmt":"2021-11-30T03:35:03","guid":{"rendered":"http:\/\/diariodominicano.com\/?p=312368"},"modified":"2021-11-29T23:53:50","modified_gmt":"2021-11-30T03:53:50","slug":"villa-vasquez-tendra-su-primer-hospital-municipal","status":"publish","type":"post","link":"https:\/\/diariodominicano.com\/?p=312368","title":{"rendered":"Villa V\u00e1squez tendr\u00e1 su primer hospital municipal"},"content":{"rendered":"\n<p>diariodominicano.com<\/p>\n\n\n\n<p>Santo Domingo, R. D., 29 de noviembre, 2021.- El presidente Luis Abinader y el ministro Carlos Bonilla anunciaron la construcci\u00f3n del primer hospital del municipio Villa V\u00e1squez, con una inversi\u00f3n superior a los 1,600 millones de pesos. Est\u00e1 previsto que la obra sea culminada en el primer trimestre del 2023.<\/p>\n\n\n\n<p>El centro de salud estar\u00e1 preparado para internamiento, contar\u00e1 con unidad de cuidados intensivos, emergencia, rayos x, im\u00e1genes, patolog\u00eda, quir\u00f3fano, obstetricia, laboratorio y todos los dem\u00e1s servicios generales que caracterizan a un hospital municipal.<\/p>\n\n\n\n<p>Con una superficie de 13,008 metros cuadrados, la edificaci\u00f3n representa un beneficio sanitario para los m\u00e1s de 35,000 habitantes del municipio y zonas aleda\u00f1as, pues cumple, adem\u00e1s, con la pol\u00edtica del gobierno central relativa a llevar salud a cada regi\u00f3n de la Republica Dominicana. Esta obra estar\u00e1 impactando de manera positiva la econom\u00eda de la provincia con la generaci\u00f3n de m\u00e1s de 2,600 empleos directos.<\/p>\n\n\n\n<p>\u201cLa construcci\u00f3n de este hospital representa para Villa V\u00e1zquez esperanza de vida: una edificaci\u00f3n moderna, segura, con disponibilidad de 54 camas de internamiento que cambiar\u00e1n de manera dr\u00e1stica las condiciones de salud de su poblaci\u00f3n,\u201d expres\u00f3 el Ing. Bonilla.<\/p>\n\n\n\n<p>El ministro explic\u00f3 que la construcci\u00f3n del centro iniciar\u00e1 en los pr\u00f3ximos d\u00edas y que la edificaci\u00f3n cumplir\u00e1 con las normativas establecidas por el Ministerio de Salud P\u00fablica sobre las gu\u00edas de dise\u00f1o arquitect\u00f3nico para este tipo de estructuras.<\/p>\n\n\n\n<p>Mientras, que el presidente de la Rep\u00fablica, Luis Abinader, manifest\u00f3 que la inversi\u00f3n de este hospital es \u201cnecesaria\u201d para Villa V\u00e1squez, debido a que la localidad no tiene un centro de salud desde hace varios a\u00f1os.<\/p>\n\n\n\n<p>\u201cEsta era una de las obras que estaban m\u00e1s pendientes de todas en la provincia, por la necesidad que sus moradores han sufrido por mucho tiempo\u201d agreg\u00f3 el presidente.<\/p>\n\n\n\n<p>Durante el anuncio estuvieron presentes el Dr. Daniel Rivera, ministro de Salud P\u00fablica; el Dr. Mario Lama, director ejecutivo del Servicio Nacional de Salud (SNS); la Sra. Nelsy Milagros Cruz, gobernadora de la provincia de Monte Cristi; el Sr. Moreno Arias, senador de dicha provincia; el Sr. Jenrry Castro, alcalde del municipio de Villa V\u00e1squez; el p\u00e1rroco Mora, de la Parroquia San Jos\u00e9 de ese mismo municipio, entre otras autoridades y ciudadanos.<\/p>\n\n\n\n<p>Fuente: Direcci\u00f3n de Estrategia y Comunicaci\u00f3n Gubernamental<\/p>\n\n\n\n<p>Ministerio Administrativo de la Presidencia de la Rep\u00fablica Dominicana<\/p>\n","protected":false},"excerpt":{"rendered":"<p>diariodominicano.com Santo Domingo, R. D., 29 de noviembre, 2021.- El presidente Luis Abinader y el ministro Carlos Bonilla anunciaron la construcci\u00f3n del primer hospital del municipio Villa V\u00e1squez, con una inversi\u00f3n superior a los 1,600 millones de pesos. Est\u00e1 previsto que la obra sea culminada en el primer trimestre del 2023. El centro de salud [&hellip;]<\/p>\n","protected":false},"author":5,"featured_media":312396,"comment_status":"closed","ping_status":"","sticky":true,"template":"","format":"standard","meta":{"footnotes":""},"categories":[20,27],"tags":[],"class_list":["post-312368","post","type-post","status-publish","format-standard","has-post-thumbnail","hentry","category-dominicana-hoy","category-portada"],"_links":{"self":[{"href":"https:\/\/diariodominicano.com\/index.php?rest_route=\/wp\/v2\/posts\/312368","targetHints":{"allow":["GET"]}}],"collection":[{"href":"https:\/\/diariodominicano.com\/index.php?rest_route=\/wp\/v2\/posts"}],"about":[{"href":"https:\/\/diariodominicano.com\/index.php?rest_route=\/wp\/v2\/types\/post"}],"author":[{"embeddable":true,"href":"https:\/\/diariodominicano.com\/index.php?rest_route=\/wp\/v2\/users\/5"}],"replies":[{"embeddable":true,"href":"https:\/\/diariodominicano.com\/index.php?rest_route=%2Fwp%2Fv2%2Fcomments&post=312368"}],"version-history":[{"count":2,"href":"https:\/\/diariodominicano.com\/index.php?rest_route=\/wp\/v2\/posts\/312368\/revisions"}],"predecessor-version":[{"id":312397,"href":"https:\/\/diariodominicano.com\/index.php?rest_route=\/wp\/v2\/posts\/312368\/revisions\/312397"}],"wp:featuredmedia":[{"embeddable":true,"href":"https:\/\/diariodominicano.com\/index.php?rest_route=\/wp\/v2\/media\/312396"}],"wp:attachment":[{"href":"https:\/\/diariodominicano.com\/index.php?rest_route=%2Fwp%2Fv2%2Fmedia&parent=312368"}],"wp:term":[{"taxonomy":"category","embeddable":true,"href":"https:\/\/diariodominicano.com\/index.php?rest_route=%2Fwp%2Fv2%2Fcategories&post=312368"},{"taxonomy":"post_tag","embeddable":true,"href":"https:\/\/diariodominicano.com\/index.php?rest_route=%2Fwp%2Fv2%2Ftags&post=312368"}],"curies":[{"name":"wp","href":"https:\/\/api.w.org\/{rel}","templated":true}]}}