{"id":312328,"date":"2021-11-29T23:30:46","date_gmt":"2021-11-30T03:30:46","guid":{"rendered":"http:\/\/diariodominicano.com\/?p=312328"},"modified":"2021-11-29T23:30:46","modified_gmt":"2021-11-30T03:30:46","slug":"detienen-en-colombia-a-integrante-de-las-disidencias-de-las-farc-que-detono-coche-bomba","status":"publish","type":"post","link":"https:\/\/diariodominicano.com\/?p=312328","title":{"rendered":"Detienen en Colombia a integrante de las disidencias de las FARC que deton\u00f3 coche bomba"},"content":{"rendered":"\n<p>diariodominicano.com<\/p>\n\n\n\n<pre id=\"text-news-description\" class=\"wp-block-preformatted\">   BOGOT\u00c1, 29 nov (Xinhua) -- El presidente colombiano, Iv\u00e1n Duque, revel\u00f3 hoy que las autoridades capturaron alias Kokis, integrante de las disidencias de las FARC, acusado de haber detonado presuntamente un coche bomba frente a alcald\u00eda de la localidad de Corinto (suroeste), donde resulteron heridas 43 personas.\n   \"En Corinto, Cauca, gracias a las labores de nuestra Fuerza P\u00fablica, fue capturado alias 'Kokis', cabecilla de las disidencias de las FARC, presunto responsable del carrobomba que el pasado 26 de marzo dej\u00f3 43 heridos y del secuestro de dos ciudadanos extranjeros en el a\u00f1o 2020\", escribi\u00f3 el jefe de Estado en su cuenta de Twitter.\n   Duque se\u00f1al\u00f3 en ese momento que hab\u00eda dado instruicciones a la c\u00fapula militar y al ministro de Defensa, Diego Molano, para capturar a \"los culpables de inmediato\" y agreg\u00f3 que \"el terrorismo es el arma del cobarde\".\n   La guerrilla de las FARC se desmoviliz\u00f3 en 2016 y actualmente es un partido opositor. Sin embargo, no todos sus integrantes entregaron sus armas y continuaron delinquiendo en varias regiones del pa\u00eds.<\/pre>\n","protected":false},"excerpt":{"rendered":"<p>diariodominicano.com BOGOT\u00c1, 29 nov (Xinhua) &#8212; El presidente colombiano, Iv\u00e1n Duque, revel\u00f3 hoy que las autoridades capturaron alias Kokis, integrante de las disidencias de las FARC, acusado de haber detonado presuntamente un coche bomba frente a alcald\u00eda de la localidad de Corinto (suroeste), donde resulteron heridas 43 personas. \u00abEn Corinto, Cauca, gracias a las labores [&hellip;]<\/p>\n","protected":false},"author":5,"featured_media":312363,"comment_status":"closed","ping_status":"","sticky":true,"template":"","format":"standard","meta":{"footnotes":""},"categories":[23,27],"tags":[],"class_list":["post-312328","post","type-post","status-publish","format-standard","has-post-thumbnail","hentry","category-internacional","category-portada"],"_links":{"self":[{"href":"https:\/\/diariodominicano.com\/index.php?rest_route=\/wp\/v2\/posts\/312328","targetHints":{"allow":["GET"]}}],"collection":[{"href":"https:\/\/diariodominicano.com\/index.php?rest_route=\/wp\/v2\/posts"}],"about":[{"href":"https:\/\/diariodominicano.com\/index.php?rest_route=\/wp\/v2\/types\/post"}],"author":[{"embeddable":true,"href":"https:\/\/diariodominicano.com\/index.php?rest_route=\/wp\/v2\/users\/5"}],"replies":[{"embeddable":true,"href":"https:\/\/diariodominicano.com\/index.php?rest_route=%2Fwp%2Fv2%2Fcomments&post=312328"}],"version-history":[{"count":1,"href":"https:\/\/diariodominicano.com\/index.php?rest_route=\/wp\/v2\/posts\/312328\/revisions"}],"predecessor-version":[{"id":312366,"href":"https:\/\/diariodominicano.com\/index.php?rest_route=\/wp\/v2\/posts\/312328\/revisions\/312366"}],"wp:featuredmedia":[{"embeddable":true,"href":"https:\/\/diariodominicano.com\/index.php?rest_route=\/wp\/v2\/media\/312363"}],"wp:attachment":[{"href":"https:\/\/diariodominicano.com\/index.php?rest_route=%2Fwp%2Fv2%2Fmedia&parent=312328"}],"wp:term":[{"taxonomy":"category","embeddable":true,"href":"https:\/\/diariodominicano.com\/index.php?rest_route=%2Fwp%2Fv2%2Fcategories&post=312328"},{"taxonomy":"post_tag","embeddable":true,"href":"https:\/\/diariodominicano.com\/index.php?rest_route=%2Fwp%2Fv2%2Ftags&post=312328"}],"curies":[{"name":"wp","href":"https:\/\/api.w.org\/{rel}","templated":true}]}}