{"id":312315,"date":"2021-11-29T22:38:44","date_gmt":"2021-11-30T02:38:44","guid":{"rendered":"http:\/\/diariodominicano.com\/?p=312315"},"modified":"2021-11-29T22:38:44","modified_gmt":"2021-11-30T02:38:44","slug":"filipinas-en-campana-masiva-de-vacunacion-anticovid-19","status":"publish","type":"post","link":"https:\/\/diariodominicano.com\/?p=312315","title":{"rendered":"Filipinas en campa\u00f1a masiva de vacunaci\u00f3n antiCovid-19"},"content":{"rendered":"\n<p>diariodominicano.com<\/p>\n\n\n\n<p>Manila, 29 nov (Prensa Latina) Filipinas inici\u00f3 hoy una campa\u00f1a rel\u00e1mpago de vacunaci\u00f3n contra la Covid-19 y aplaz\u00f3 la decisi\u00f3n de recibir viajeros de un grupo seleccionado de pa\u00edses donde ya est\u00e1 presente la variante \u00d3micron del coronavirus SARS-CoV-2.<\/p>\n\n\n\n<p>Seg\u00fan anunci\u00f3 el propio presidente Rodrigo Duterte, el pa\u00eds vacunar\u00e1 de lunes a mi\u00e9rcoles a tres millones de personas por d\u00eda, casi cuatro veces el promedio alcanzado en noviembre.<\/p>\n\n\n\n<p>Este es nuestro mayor impulso para acelerar la vacunaci\u00f3n y alcanzar el objetivo de proteger (contra el mal) al 70 por ciento de la poblaci\u00f3n del pa\u00eds, dijo el mandatario en el acto de lanzamiento oficial de la campa\u00f1a.<\/p>\n\n\n\n<p>Actualmente, cerca de la tercera parte de los 110 millones de filipinos completaron la pauta inmunizante.<\/p>\n\n\n\n<p>La semana pasada, en un intento por reanimar la maltrecha econom\u00eda nacional, el gobierno autoriz\u00f3 la entrada a partir del 1 de diciembre de viajeros procedentes de un crecido n\u00famero de naciones y poseedores del llamado pasaporte de vacunas.<\/p>\n\n\n\n<p>Pero la aparici\u00f3n de la variante \u00d3micron le hizo cambiar de planes y en las \u00faltimas horas anunci\u00f3 la suspensi\u00f3n temporal de los vuelos hacia y desde Sud\u00e1frica y otras naciones africanas y europeas donde fueron confirmados contagiados con la amenazante variante.<\/p>\n\n\n\n<p>Despu\u00e9s de Indonesia, Filipinas es el pa\u00eds del sudeste asi\u00e1tico m\u00e1s castigado por la Covid-19: dos millones 832 mil 375 casos y 48 mil 501 muertes.<\/p>\n\n\n\n<p>jha\/asg<\/p>\n\n\n\n<p><\/p>\n\n\n\n<p><\/p>\n","protected":false},"excerpt":{"rendered":"<p>diariodominicano.com Manila, 29 nov (Prensa Latina) Filipinas inici\u00f3 hoy una campa\u00f1a rel\u00e1mpago de vacunaci\u00f3n contra la Covid-19 y aplaz\u00f3 la decisi\u00f3n de recibir viajeros de un grupo seleccionado de pa\u00edses donde ya est\u00e1 presente la variante \u00d3micron del coronavirus SARS-CoV-2. Seg\u00fan anunci\u00f3 el propio presidente Rodrigo Duterte, el pa\u00eds vacunar\u00e1 de lunes a mi\u00e9rcoles a [&hellip;]<\/p>\n","protected":false},"author":5,"featured_media":312322,"comment_status":"closed","ping_status":"","sticky":true,"template":"","format":"standard","meta":{"footnotes":""},"categories":[23,27],"tags":[],"class_list":["post-312315","post","type-post","status-publish","format-standard","has-post-thumbnail","hentry","category-internacional","category-portada"],"_links":{"self":[{"href":"https:\/\/diariodominicano.com\/index.php?rest_route=\/wp\/v2\/posts\/312315","targetHints":{"allow":["GET"]}}],"collection":[{"href":"https:\/\/diariodominicano.com\/index.php?rest_route=\/wp\/v2\/posts"}],"about":[{"href":"https:\/\/diariodominicano.com\/index.php?rest_route=\/wp\/v2\/types\/post"}],"author":[{"embeddable":true,"href":"https:\/\/diariodominicano.com\/index.php?rest_route=\/wp\/v2\/users\/5"}],"replies":[{"embeddable":true,"href":"https:\/\/diariodominicano.com\/index.php?rest_route=%2Fwp%2Fv2%2Fcomments&post=312315"}],"version-history":[{"count":1,"href":"https:\/\/diariodominicano.com\/index.php?rest_route=\/wp\/v2\/posts\/312315\/revisions"}],"predecessor-version":[{"id":312323,"href":"https:\/\/diariodominicano.com\/index.php?rest_route=\/wp\/v2\/posts\/312315\/revisions\/312323"}],"wp:featuredmedia":[{"embeddable":true,"href":"https:\/\/diariodominicano.com\/index.php?rest_route=\/wp\/v2\/media\/312322"}],"wp:attachment":[{"href":"https:\/\/diariodominicano.com\/index.php?rest_route=%2Fwp%2Fv2%2Fmedia&parent=312315"}],"wp:term":[{"taxonomy":"category","embeddable":true,"href":"https:\/\/diariodominicano.com\/index.php?rest_route=%2Fwp%2Fv2%2Fcategories&post=312315"},{"taxonomy":"post_tag","embeddable":true,"href":"https:\/\/diariodominicano.com\/index.php?rest_route=%2Fwp%2Fv2%2Ftags&post=312315"}],"curies":[{"name":"wp","href":"https:\/\/api.w.org\/{rel}","templated":true}]}}