{"id":312300,"date":"2021-11-29T22:08:16","date_gmt":"2021-11-30T02:08:16","guid":{"rendered":"http:\/\/diariodominicano.com\/?p=312300"},"modified":"2021-11-29T22:08:16","modified_gmt":"2021-11-30T02:08:16","slug":"conversaciones-nucleares-de-iran-se-reanudan-en-viena-2","status":"publish","type":"post","link":"https:\/\/diariodominicano.com\/?p=312300","title":{"rendered":"Conversaciones nucleares de Ir\u00e1n se reanudan en Viena"},"content":{"rendered":"\n<p>diariodominicano.com<\/p>\n\n\n\n<p>VIENA, 29 nov (Xinhua) &#8212; Las conversaciones nucleares de Ir\u00e1n destinadas a reactivar el acuerdo nuclear de 2015 se reanudaron en Viena hoy lunes despu\u00e9s de una interrupci\u00f3n de m\u00e1s de cinco meses.<\/p>\n\n\n\n<p>Diplom\u00e1ticos de China, Rusia, Reino Unido, Francia y Alemania, adem\u00e1s de Ir\u00e1n, se reunieron en el hotel Palais Coburg, donde se firm\u00f3 el acuerdo de 2015, conocido formalmente como Plan de Acci\u00f3n Integral Conjunto (PAIC).<\/p>\n\n\n\n<p>El ministro de Relaciones Exteriores iran\u00ed, Hossein Amir Abdollahian, dijo el viernes que Ir\u00e1n se tomaba en serio las pr\u00f3ximas conversaciones nucleares y que quer\u00eda \u00abun acuerdo bueno y verificable\u00bb.<\/p>\n\n\n\n<p>\u00abSi las otras partes est\u00e1n dispuestas a volver a cumplir todas sus obligaciones y a levantar las sanciones, se puede llegar a un acuerdo bueno e incluso inmediato\u00bb, dijo Amir Abdollahian en una conversaci\u00f3n telef\u00f3nica con el jefe de Asuntos Exteriores de la UE, Josep Borrell.<\/p>\n\n\n\n<p>La \u00faltima ronda de conversaciones sobre el restablecimiento del acuerdo de 2015 se celebr\u00f3 en junio.<\/p>\n\n\n\n<p>El Gobierno de Estados Unidos, bajo el mando de Donald Trump, se retir\u00f3 del acuerdo de 2015, conocido formalmente como Plan de Acci\u00f3n Integral Conjunto (PAIC, siglas en ingl\u00e9s), en mayo de 2018 y volvi\u00f3 a imponer unilateralmente sanciones a Ir\u00e1n. En respuesta, Ir\u00e1n ha suspendido gradualmente partes de sus compromisos con el acuerdo desde mayo de 2019.<\/p>\n\n\n\n<p>El nuevo equipo negociador de Ir\u00e1n ha establecido demandas para la reactivaci\u00f3n del acuerdo nuclear, incluida la eliminaci\u00f3n de todas las sanciones estadounidenses, el mecanismo de verificaci\u00f3n para la eliminaci\u00f3n del embargo y garant\u00edas de Estados Unidos de que las pr\u00f3ximas administraciones no incumplir\u00e1n el acuerdo.<\/p>\n","protected":false},"excerpt":{"rendered":"<p>diariodominicano.com VIENA, 29 nov (Xinhua) &#8212; Las conversaciones nucleares de Ir\u00e1n destinadas a reactivar el acuerdo nuclear de 2015 se reanudaron en Viena hoy lunes despu\u00e9s de una interrupci\u00f3n de m\u00e1s de cinco meses. Diplom\u00e1ticos de China, Rusia, Reino Unido, Francia y Alemania, adem\u00e1s de Ir\u00e1n, se reunieron en el hotel Palais Coburg, donde se [&hellip;]<\/p>\n","protected":false},"author":5,"featured_media":312307,"comment_status":"closed","ping_status":"","sticky":true,"template":"","format":"standard","meta":{"footnotes":""},"categories":[23,27],"tags":[],"class_list":["post-312300","post","type-post","status-publish","format-standard","has-post-thumbnail","hentry","category-internacional","category-portada"],"_links":{"self":[{"href":"https:\/\/diariodominicano.com\/index.php?rest_route=\/wp\/v2\/posts\/312300","targetHints":{"allow":["GET"]}}],"collection":[{"href":"https:\/\/diariodominicano.com\/index.php?rest_route=\/wp\/v2\/posts"}],"about":[{"href":"https:\/\/diariodominicano.com\/index.php?rest_route=\/wp\/v2\/types\/post"}],"author":[{"embeddable":true,"href":"https:\/\/diariodominicano.com\/index.php?rest_route=\/wp\/v2\/users\/5"}],"replies":[{"embeddable":true,"href":"https:\/\/diariodominicano.com\/index.php?rest_route=%2Fwp%2Fv2%2Fcomments&post=312300"}],"version-history":[{"count":1,"href":"https:\/\/diariodominicano.com\/index.php?rest_route=\/wp\/v2\/posts\/312300\/revisions"}],"predecessor-version":[{"id":312308,"href":"https:\/\/diariodominicano.com\/index.php?rest_route=\/wp\/v2\/posts\/312300\/revisions\/312308"}],"wp:featuredmedia":[{"embeddable":true,"href":"https:\/\/diariodominicano.com\/index.php?rest_route=\/wp\/v2\/media\/312307"}],"wp:attachment":[{"href":"https:\/\/diariodominicano.com\/index.php?rest_route=%2Fwp%2Fv2%2Fmedia&parent=312300"}],"wp:term":[{"taxonomy":"category","embeddable":true,"href":"https:\/\/diariodominicano.com\/index.php?rest_route=%2Fwp%2Fv2%2Fcategories&post=312300"},{"taxonomy":"post_tag","embeddable":true,"href":"https:\/\/diariodominicano.com\/index.php?rest_route=%2Fwp%2Fv2%2Ftags&post=312300"}],"curies":[{"name":"wp","href":"https:\/\/api.w.org\/{rel}","templated":true}]}}