{"id":312230,"date":"2021-11-29T17:47:38","date_gmt":"2021-11-29T21:47:38","guid":{"rendered":"http:\/\/diariodominicano.com\/?p=312230"},"modified":"2021-11-29T17:47:38","modified_gmt":"2021-11-29T21:47:38","slug":"salud-publica-afirma-que-no-hay-casos-detectados-con-la-nueva-variante-omicron-mantienen-estricta-vigilancia","status":"publish","type":"post","link":"https:\/\/diariodominicano.com\/?p=312230","title":{"rendered":"Salud P\u00fablica afirma que no hay casos detectados con la nueva variante \u00d3micron; mantienen estricta vigilancia"},"content":{"rendered":"\n<p>diariodominicano.com<\/p>\n\n\n\n<p>Santo Domingo, R. D.,  29 de noviembre, 2021.-  El Ministerio de Salud P\u00fablica (MSP), a trav\u00e9s de su Direcci\u00f3n General de Epidemiologia (DIGEPI) inform\u00f3 este lunes que en el pa\u00eds no hay casos confirmados de la nueva variante \u00d3micron del SARS-COV-2, proveniente de Sud\u00e1frica.<\/p>\n\n\n\n<p>El director de DIGEPI, doctor Ronald Skewes manifest\u00f3 que el Laboratorio Nacional Dr. Defill\u00f3 est\u00e1 preparado y agilizando los procesos para determinar r\u00e1pidamente esta nueva mutaci\u00f3n del Coronavirus.<\/p>\n\n\n\n<p>\u201cEl Laboratorio Nacional est\u00e1 agilizando el proceso, ya los equipos est\u00e1n siendo calibrados y el personal entrenado; es cuesti\u00f3n de tiempo para que se haga una secuenciaci\u00f3n completa y se determine sobre esta nueva variante que a\u00fan no est\u00e1 circulando en el pa\u00eds, pero se est\u00e1n tomando las medidas de vigilancia oportuna\u201d, expres\u00f3 Skewes.<\/p>\n\n\n\n<p>Aclar\u00f3 que las personas no vacunadas son las m\u00e1s vulnerables a esta nueva cepa de la enfermedad.<\/p>\n\n\n\n<p>Por tal motivo, el director de DIGEPI llam\u00f3 a la poblaci\u00f3n a continuar con su esquema de vacunaci\u00f3n y completar las dosis, ya que es la medida m\u00e1s segura para la prevenci\u00f3n del virus.<\/p>\n\n\n\n<p>Indic\u00f3 que el Ministerio de Salud se mantiene atento ante la situaci\u00f3n con esta variante para comunicar cualquier incidencia.<\/p>\n\n\n\n<p>Fuente: Direcci\u00f3n de Estrategia y Comunicaci\u00f3n Gubernamental<\/p>\n\n\n\n<p>Ministerio Administrativo de la Presidencia de la Rep\u00fablica Dominicana<\/p>\n","protected":false},"excerpt":{"rendered":"<p>diariodominicano.com Santo Domingo, R. D., 29 de noviembre, 2021.- El Ministerio de Salud P\u00fablica (MSP), a trav\u00e9s de su Direcci\u00f3n General de Epidemiologia (DIGEPI) inform\u00f3 este lunes que en el pa\u00eds no hay casos confirmados de la nueva variante \u00d3micron del SARS-COV-2, proveniente de Sud\u00e1frica. El director de DIGEPI, doctor Ronald Skewes manifest\u00f3 que el [&hellip;]<\/p>\n","protected":false},"author":5,"featured_media":312231,"comment_status":"closed","ping_status":"","sticky":true,"template":"","format":"standard","meta":{"footnotes":""},"categories":[20,27],"tags":[],"class_list":["post-312230","post","type-post","status-publish","format-standard","has-post-thumbnail","hentry","category-dominicana-hoy","category-portada"],"_links":{"self":[{"href":"https:\/\/diariodominicano.com\/index.php?rest_route=\/wp\/v2\/posts\/312230","targetHints":{"allow":["GET"]}}],"collection":[{"href":"https:\/\/diariodominicano.com\/index.php?rest_route=\/wp\/v2\/posts"}],"about":[{"href":"https:\/\/diariodominicano.com\/index.php?rest_route=\/wp\/v2\/types\/post"}],"author":[{"embeddable":true,"href":"https:\/\/diariodominicano.com\/index.php?rest_route=\/wp\/v2\/users\/5"}],"replies":[{"embeddable":true,"href":"https:\/\/diariodominicano.com\/index.php?rest_route=%2Fwp%2Fv2%2Fcomments&post=312230"}],"version-history":[{"count":1,"href":"https:\/\/diariodominicano.com\/index.php?rest_route=\/wp\/v2\/posts\/312230\/revisions"}],"predecessor-version":[{"id":312232,"href":"https:\/\/diariodominicano.com\/index.php?rest_route=\/wp\/v2\/posts\/312230\/revisions\/312232"}],"wp:featuredmedia":[{"embeddable":true,"href":"https:\/\/diariodominicano.com\/index.php?rest_route=\/wp\/v2\/media\/312231"}],"wp:attachment":[{"href":"https:\/\/diariodominicano.com\/index.php?rest_route=%2Fwp%2Fv2%2Fmedia&parent=312230"}],"wp:term":[{"taxonomy":"category","embeddable":true,"href":"https:\/\/diariodominicano.com\/index.php?rest_route=%2Fwp%2Fv2%2Fcategories&post=312230"},{"taxonomy":"post_tag","embeddable":true,"href":"https:\/\/diariodominicano.com\/index.php?rest_route=%2Fwp%2Fv2%2Ftags&post=312230"}],"curies":[{"name":"wp","href":"https:\/\/api.w.org\/{rel}","templated":true}]}}