{"id":312223,"date":"2021-11-29T17:07:41","date_gmt":"2021-11-29T21:07:41","guid":{"rendered":"http:\/\/diariodominicano.com\/?p=312223"},"modified":"2021-11-29T17:07:41","modified_gmt":"2021-11-29T21:07:41","slug":"gobierno-dara-mantenimiento-a-obra-de-toma-del-canal-camu-en-la-vega","status":"publish","type":"post","link":"https:\/\/diariodominicano.com\/?p=312223","title":{"rendered":"Gobierno dar\u00e1 mantenimiento a obra de toma del canal Cam\u00fa, en La Vega"},"content":{"rendered":"\n<p>diariodominicano.com<\/p>\n\n\n\n<p>La Vega, R. D.,  29 de noviembre, 2021.\u2013 El director ejecutivo del Instituto Nacional de Recursos Hidr\u00e1ulicos (INDRHI), Olmedo Caba Romano, manifest\u00f3 que ser\u00e1n iniciadas las acciones de limpieza y mantenimiento en la obra de toma del canal Cam\u00fa, en busca de garantizar el flujo de agua hacia los predios agr\u00edcolas para irrigar la siembra de arroz que iniciar\u00e1 pr\u00f3ximamente en la zona, entre otros cultivos.<\/p>\n\n\n\n<p>El funcionario ofreci\u00f3 los detalles durante un recorrido de inspecci\u00f3n por obras hidr\u00e1ulicas pertenecientes a la direcci\u00f3n regional Yuna \u2013 Cam\u00fa, partiendo desde la obra de toma del canal Cam\u00fa y su respectivo dique en la comunidad de Jamo, La Vega. All\u00ed expres\u00f3 que esta semana inician los equipos facilitados por la provincial del Ministerio de Agricultura y por la Junta de Regantes r\u00edo Cam\u00fa, entidades con las que se trabaja en coordinaci\u00f3n.&nbsp;<\/p>\n\n\n\n<p>\u201cTenemos nuestro plan definido. Esta parte del operativo consiste en llevar a cabo acciones con nuestros t\u00e9cnicos en la zona, acorde con las necesidades de limpieza que presenten los canales. Espec\u00edficamente el Cam\u00fa requiere atenci\u00f3n inmediata y ya esta semana tenemos los equipos en la zona\u201d, indic\u00f3 Caba Romano.<\/p>\n\n\n\n<p>A trav\u00e9s de los medios de comunicaci\u00f3n presentes durante el recorrido, el funcionario realiz\u00f3 un llamado a la poblaci\u00f3n del entorno a velar por el cuidado de las obras hidr\u00e1ulicas, por lo cual exhort\u00f3 a descontinuar la mala pr\u00e1ctica de lanzar desechos que interrumpen el avance del agua y afectan la producci\u00f3n.<\/p>\n\n\n\n<p>En tanto, Santos Paulino, presidente de la Junta de Regantes R\u00edo Cam\u00fa, expres\u00f3 su agradecimiento a las autoridades del INDRHI que acudieron a la revisi\u00f3n de las obras ya que \u201cse aproximan tiempos de siembra y necesitamos velar porque no nos falte el agua\u201d.<\/p>\n\n\n\n<p>Del INDRHI asistieron, tambi\u00e9n, el director de Operaciones de Sistemas de Riego, Jos\u00e9 Andr\u00e9s Ure\u00f1a, y el director de la regional Yuna &#8211; Cam\u00fa, Alexis Almonte, as\u00ed como agricultores de la zona que se beneficiar\u00e1n de los trabajos.<\/p>\n\n\n\n<p>Fuente: Direcci\u00f3n de Estrategia y Comunicaci\u00f3n Gubernamental<\/p>\n\n\n\n<p>Ministerio Administrativo de la Presidencia de la Rep\u00fablica Dominicana<\/p>\n","protected":false},"excerpt":{"rendered":"<p>diariodominicano.com La Vega, R. D., 29 de noviembre, 2021.\u2013 El director ejecutivo del Instituto Nacional de Recursos Hidr\u00e1ulicos (INDRHI), Olmedo Caba Romano, manifest\u00f3 que ser\u00e1n iniciadas las acciones de limpieza y mantenimiento en la obra de toma del canal Cam\u00fa, en busca de garantizar el flujo de agua hacia los predios agr\u00edcolas para irrigar la [&hellip;]<\/p>\n","protected":false},"author":5,"featured_media":312226,"comment_status":"closed","ping_status":"","sticky":true,"template":"","format":"standard","meta":{"footnotes":""},"categories":[20,27],"tags":[],"class_list":["post-312223","post","type-post","status-publish","format-standard","has-post-thumbnail","hentry","category-dominicana-hoy","category-portada"],"_links":{"self":[{"href":"https:\/\/diariodominicano.com\/index.php?rest_route=\/wp\/v2\/posts\/312223","targetHints":{"allow":["GET"]}}],"collection":[{"href":"https:\/\/diariodominicano.com\/index.php?rest_route=\/wp\/v2\/posts"}],"about":[{"href":"https:\/\/diariodominicano.com\/index.php?rest_route=\/wp\/v2\/types\/post"}],"author":[{"embeddable":true,"href":"https:\/\/diariodominicano.com\/index.php?rest_route=\/wp\/v2\/users\/5"}],"replies":[{"embeddable":true,"href":"https:\/\/diariodominicano.com\/index.php?rest_route=%2Fwp%2Fv2%2Fcomments&post=312223"}],"version-history":[{"count":1,"href":"https:\/\/diariodominicano.com\/index.php?rest_route=\/wp\/v2\/posts\/312223\/revisions"}],"predecessor-version":[{"id":312227,"href":"https:\/\/diariodominicano.com\/index.php?rest_route=\/wp\/v2\/posts\/312223\/revisions\/312227"}],"wp:featuredmedia":[{"embeddable":true,"href":"https:\/\/diariodominicano.com\/index.php?rest_route=\/wp\/v2\/media\/312226"}],"wp:attachment":[{"href":"https:\/\/diariodominicano.com\/index.php?rest_route=%2Fwp%2Fv2%2Fmedia&parent=312223"}],"wp:term":[{"taxonomy":"category","embeddable":true,"href":"https:\/\/diariodominicano.com\/index.php?rest_route=%2Fwp%2Fv2%2Fcategories&post=312223"},{"taxonomy":"post_tag","embeddable":true,"href":"https:\/\/diariodominicano.com\/index.php?rest_route=%2Fwp%2Fv2%2Ftags&post=312223"}],"curies":[{"name":"wp","href":"https:\/\/api.w.org\/{rel}","templated":true}]}}