{"id":312202,"date":"2021-11-29T16:39:24","date_gmt":"2021-11-29T20:39:24","guid":{"rendered":"http:\/\/diariodominicano.com\/?p=312202"},"modified":"2021-11-29T16:39:24","modified_gmt":"2021-11-29T20:39:24","slug":"obras-publicas-cierra-esta-semana-tuneles-y-elevados-por-mantenimiento","status":"publish","type":"post","link":"https:\/\/diariodominicano.com\/?p=312202","title":{"rendered":"Obras P\u00fablicas cierra esta semana t\u00faneles y elevados por mantenimiento"},"content":{"rendered":"\n<p>diariodominicano.com<\/p>\n\n\n\n<p>Santo Domingo, R. D.,  29 de noviembre, 2021.- El Ministerio de Obras P\u00fablicas y Comunicaciones (MOPC) inform\u00f3 que en la semana comprendida del lunes 29 de noviembre al s\u00e1bado 4 de diciembre proceder\u00e1 al cierre de t\u00faneles y elevados ubicados en distintos lugares del Gran Santo Domingo y la provincia Monse\u00f1or Nouel para llevar a cabo trabajos de mantenimiento.<\/p>\n\n\n\n<p>Los cierres tendr\u00e1n efectividad a partir de las 10:00 de la noche hasta las 5:00 de la ma\u00f1ana del d\u00eda siguiente.<\/p>\n\n\n\n<p>Desde el lunes hasta el viernes, el cierre se har\u00e1 en el corredor de la John F. Kennedy en ambos sentidos y de manera parcial, para pintar los muros tipos \u00b4New Jersey\u00b4.<\/p>\n\n\n\n<p>Tambi\u00e9n este lunes los cierres en ambos sentidos incluir\u00e1n al elevado de la avenida 27 de Febrero y el puente Juan Bosch.&nbsp;&nbsp;&nbsp;&nbsp;<\/p>\n\n\n\n<p>La noche del martes ser\u00e1n cerrados los t\u00faneles de la avenida Ortega y Gasset (UASD), el de la avenida Ortega y Gasset con 27 de Febrero, la Kennedy con M\u00e1ximo G\u00f3mez y con Ortega y Gasset, as\u00ed como el puente Duarte, con un cierre total.&nbsp;&nbsp;<\/p>\n\n\n\n<p>El mi\u00e9rcoles 1 de diciembre ser\u00e1n intervenidos los elevados de la avenida Las Am\u00e9ricas con la calle Jos\u00e9 Francisco Pe\u00f1a G\u00f3mez (en Boca Chica); Las Am\u00e9ricas con la entrada a Puerto Caucedo, con calles 7 y 6, con Ruta 66 y con la avenida H\u00edpica.<\/p>\n\n\n\n<p>Tambi\u00e9n, el paso a desnivel Santo Domingo-Saman\u00e1, los puentes secos de Las Am\u00e9ricas con marginal Las Am\u00e9ricas y el de carretera Jubey en Boca Chica y el t\u00fanel de la avenida Ortega y Gasset (UASD).<\/p>\n\n\n\n<p>Para el jueves corresponde el cierre a los t\u00faneles de la avenida 27 de Febrero con Fernando Defill\u00f3, con Carmen Mendoza de Cornielle, y con N\u00fa\u00f1ez de C\u00e1ceres; los elevados de la Kennedy con Lope de Vega y con Tiradentes, as\u00ed como el de la Abraham Lincoln y los puentes de la avenida Luper\u00f3n y Francisco J. Peynado.<\/p>\n\n\n\n<p>El viernes los cierres incluir\u00e1n los elevados de la autopista Duarte en el kil\u00f3metro 21 (hacia Mercadom) y con calle S\u00e1nchez (Piedra Blanca, Bonao), el t\u00fanel de la 27 de Febrero con Lincoln y Churchill, el puente flotante, los puentes secos de la 27 de Febrero con avenida Espa\u00f1a y con Faro a Col\u00f3n, lo cual requerir\u00e1 un cierre total.<\/p>\n\n\n\n<p>Para el s\u00e1bado ser\u00e1n cerrados el paso a desnivel de la 27 de Febrero con Privada, el elevado de la Kennedy con N\u00fa\u00f1ez de C\u00e1ceres y el puente seco de los Reyes Cat\u00f3licos con Ram\u00f3n C\u00e1ceres.<\/p>\n\n\n\n<p>Una nota de la Direcci\u00f3n de Comunicaciones y Prensa del MOPC da cuenta de que entre las labores a realizar en estas estructuras est\u00e1n la recogida de desechos s\u00f3lidos, barrido y recogida de agregados, control de maleza, limpieza de drenajes, limpieza general del entorno, lavado a presi\u00f3n del revestimiento cer\u00e1mico (muros tipo \u00b4New Jersey\u00b4) y barandas, as\u00ed como supervisi\u00f3n estructural y el\u00e9ctrica.<\/p>\n\n\n\n<p>Fuente: Direcci\u00f3n de Estrategia y Comunicaci\u00f3n Gubernamental<\/p>\n\n\n\n<p>Ministerio Administrativo de la Presidencia de la Rep\u00fablica Dominicana<\/p>\n","protected":false},"excerpt":{"rendered":"<p>diariodominicano.com Santo Domingo, R. D., 29 de noviembre, 2021.- El Ministerio de Obras P\u00fablicas y Comunicaciones (MOPC) inform\u00f3 que en la semana comprendida del lunes 29 de noviembre al s\u00e1bado 4 de diciembre proceder\u00e1 al cierre de t\u00faneles y elevados ubicados en distintos lugares del Gran Santo Domingo y la provincia Monse\u00f1or Nouel para llevar [&hellip;]<\/p>\n","protected":false},"author":5,"featured_media":312207,"comment_status":"closed","ping_status":"","sticky":true,"template":"","format":"standard","meta":{"footnotes":""},"categories":[20,27],"tags":[],"class_list":["post-312202","post","type-post","status-publish","format-standard","has-post-thumbnail","hentry","category-dominicana-hoy","category-portada"],"_links":{"self":[{"href":"https:\/\/diariodominicano.com\/index.php?rest_route=\/wp\/v2\/posts\/312202","targetHints":{"allow":["GET"]}}],"collection":[{"href":"https:\/\/diariodominicano.com\/index.php?rest_route=\/wp\/v2\/posts"}],"about":[{"href":"https:\/\/diariodominicano.com\/index.php?rest_route=\/wp\/v2\/types\/post"}],"author":[{"embeddable":true,"href":"https:\/\/diariodominicano.com\/index.php?rest_route=\/wp\/v2\/users\/5"}],"replies":[{"embeddable":true,"href":"https:\/\/diariodominicano.com\/index.php?rest_route=%2Fwp%2Fv2%2Fcomments&post=312202"}],"version-history":[{"count":1,"href":"https:\/\/diariodominicano.com\/index.php?rest_route=\/wp\/v2\/posts\/312202\/revisions"}],"predecessor-version":[{"id":312208,"href":"https:\/\/diariodominicano.com\/index.php?rest_route=\/wp\/v2\/posts\/312202\/revisions\/312208"}],"wp:featuredmedia":[{"embeddable":true,"href":"https:\/\/diariodominicano.com\/index.php?rest_route=\/wp\/v2\/media\/312207"}],"wp:attachment":[{"href":"https:\/\/diariodominicano.com\/index.php?rest_route=%2Fwp%2Fv2%2Fmedia&parent=312202"}],"wp:term":[{"taxonomy":"category","embeddable":true,"href":"https:\/\/diariodominicano.com\/index.php?rest_route=%2Fwp%2Fv2%2Fcategories&post=312202"},{"taxonomy":"post_tag","embeddable":true,"href":"https:\/\/diariodominicano.com\/index.php?rest_route=%2Fwp%2Fv2%2Ftags&post=312202"}],"curies":[{"name":"wp","href":"https:\/\/api.w.org\/{rel}","templated":true}]}}