{"id":312196,"date":"2021-11-29T16:32:56","date_gmt":"2021-11-29T20:32:56","guid":{"rendered":"http:\/\/diariodominicano.com\/?p=312196"},"modified":"2021-11-29T16:32:56","modified_gmt":"2021-11-29T20:32:56","slug":"presidente-de-ecuador-renueva-estado-de-excepcion-en-sistema-carcelario","status":"publish","type":"post","link":"https:\/\/diariodominicano.com\/?p=312196","title":{"rendered":"Presidente de Ecuador renueva estado de excepci\u00f3n en sistema carcelario"},"content":{"rendered":"\n<p>diariodominicano.com<a rel=\"noreferrer noopener\" href=\"https:\/\/www.xinhua-news.com\/gdsdetailxhs\/share\/10666182-?pageflag=iframe\" target=\"_blank\"><\/a><\/p>\n\n\n\n<pre id=\"text-news-description\" class=\"wp-block-preformatted\">   QUITO, 29 nov (Xinhua) -- El presidente ecuatoriano, Guillermo Lasso, renov\u00f3 por 30 d\u00edas el estado de excepci\u00f3n por grave conmoci\u00f3n interna en todo el sistema carcelario del pa\u00eds sudamericano, inform\u00f3 hoy lunes la Secretar\u00eda General de Comunicaci\u00f3n de la Presidencia.\n   El mandatario firm\u00f3 el domingo el decreto ejecutivo 276 en el que extendi\u00f3 la medida para hacer frente a la crisis penitenciaria que atraviesa Ecuador, agravada por constantes enfrentamientos entre reos de bandas rivales vinculadas al narcotr\u00e1fico que han dejado muertos y heridos, de acuerdo con el Gobierno.\n   La m\u00e1s reciente revuelta ocurri\u00f3 el pasado 12 de noviembre en la Penitenciar\u00eda del Litoral, en Guayaquil, la cual deriv\u00f3 en una masacre con saldo de 62 internos asesinados y 25 heridos.\n   La dependencia presidencial indic\u00f3 en un comunicado que la renovaci\u00f3n del estado de excepci\u00f3n \"tiene la finalidad de precautelar los derechos de las personas privadas de la libertad, como grupo de atenci\u00f3n prioritaria, del personal del cuerpo de seguridad penitenciaria y de los miembros de la Polic\u00eda Nacional\".\n   Tiene tambi\u00e9n el objetivo de controlar las circunstancias que han alterado el funcionamiento del sistema penitenciario y restablecer la convivencia pac\u00edfica, el orden y su normal funcionamiento.\n   En el decreto presidencial divulgado a la prensa, el presidente Lasso dispone la movilizaci\u00f3n de la Polic\u00eda y de las Fuerzas Armadas a todos los centros penitenciarios para reforzar la seguridad y mantener el orden a fin de prevenir nuevos hechos de violencia en su interior.\n   Se ordenan, adem\u00e1s, requisici\u00f3n en casos de extrema necesidad para mantener el orden y la seguridad, as\u00ed como la suspensi\u00f3n del derecho a la inviolabilidad de la correspondencia, adem\u00e1s de prohibir a los presos acceder a cartas o comunicaciones en cualquier soporte sin que hayan sido revisadas por la Polic\u00eda.\n   En caso de existir \"incidentes flagrantes\", que atenten contra cualquier persona en el interior de las prisiones, sus zonas de per\u00edmetro, v\u00edas y zonas de influencia, la Polic\u00eda y las Fuerzas Armadas deber\u00e1n intervenir de \"modo urgente\" respetando los derechos humanos.\n   En lo que va de 2021, se han documentado 316 reos fallecidos en c\u00e1rceles de Ecuador como resultado de hechos de violencia, seg\u00fan un informe de la Comisi\u00f3n Interamericana de Derechos Humanos.<\/pre>\n","protected":false},"excerpt":{"rendered":"<p>diariodominicano.com QUITO, 29 nov (Xinhua) &#8212; El presidente ecuatoriano, Guillermo Lasso, renov\u00f3 por 30 d\u00edas el estado de excepci\u00f3n por grave conmoci\u00f3n interna en todo el sistema carcelario del pa\u00eds sudamericano, inform\u00f3 hoy lunes la Secretar\u00eda General de Comunicaci\u00f3n de la Presidencia. El mandatario firm\u00f3 el domingo el decreto ejecutivo 276 en el que extendi\u00f3 [&hellip;]<\/p>\n","protected":false},"author":5,"featured_media":312199,"comment_status":"closed","ping_status":"","sticky":true,"template":"","format":"standard","meta":{"footnotes":""},"categories":[23,27],"tags":[],"class_list":["post-312196","post","type-post","status-publish","format-standard","has-post-thumbnail","hentry","category-internacional","category-portada"],"_links":{"self":[{"href":"https:\/\/diariodominicano.com\/index.php?rest_route=\/wp\/v2\/posts\/312196","targetHints":{"allow":["GET"]}}],"collection":[{"href":"https:\/\/diariodominicano.com\/index.php?rest_route=\/wp\/v2\/posts"}],"about":[{"href":"https:\/\/diariodominicano.com\/index.php?rest_route=\/wp\/v2\/types\/post"}],"author":[{"embeddable":true,"href":"https:\/\/diariodominicano.com\/index.php?rest_route=\/wp\/v2\/users\/5"}],"replies":[{"embeddable":true,"href":"https:\/\/diariodominicano.com\/index.php?rest_route=%2Fwp%2Fv2%2Fcomments&post=312196"}],"version-history":[{"count":1,"href":"https:\/\/diariodominicano.com\/index.php?rest_route=\/wp\/v2\/posts\/312196\/revisions"}],"predecessor-version":[{"id":312201,"href":"https:\/\/diariodominicano.com\/index.php?rest_route=\/wp\/v2\/posts\/312196\/revisions\/312201"}],"wp:featuredmedia":[{"embeddable":true,"href":"https:\/\/diariodominicano.com\/index.php?rest_route=\/wp\/v2\/media\/312199"}],"wp:attachment":[{"href":"https:\/\/diariodominicano.com\/index.php?rest_route=%2Fwp%2Fv2%2Fmedia&parent=312196"}],"wp:term":[{"taxonomy":"category","embeddable":true,"href":"https:\/\/diariodominicano.com\/index.php?rest_route=%2Fwp%2Fv2%2Fcategories&post=312196"},{"taxonomy":"post_tag","embeddable":true,"href":"https:\/\/diariodominicano.com\/index.php?rest_route=%2Fwp%2Fv2%2Ftags&post=312196"}],"curies":[{"name":"wp","href":"https:\/\/api.w.org\/{rel}","templated":true}]}}