{"id":312174,"date":"2021-11-29T16:09:02","date_gmt":"2021-11-29T20:09:02","guid":{"rendered":"http:\/\/diariodominicano.com\/?p=312174"},"modified":"2021-11-29T16:09:02","modified_gmt":"2021-11-29T20:09:02","slug":"haiti-recuerda-masacre-que-frustro-primeras-elecciones-democraticas","status":"publish","type":"post","link":"https:\/\/diariodominicano.com\/?p=312174","title":{"rendered":"Hait\u00ed recuerda masacre que frustr\u00f3 primeras elecciones democr\u00e1ticas"},"content":{"rendered":"\n<p>diariodominicano.com<\/p>\n\n\n\n<p>Puerto Pr\u00edncipe, 29 nov (Prensa Latina) El primer ministro de Hait\u00ed, Ariel Henry, record\u00f3 hoy la masacre del callej\u00f3n de Vaillant, que frustr\u00f3 las primeras elecciones democr\u00e1ticas tras la ca\u00edda de la dictadura de Fran\u00e7ois y Jean Claude Duvalier.<\/p>\n\n\n\n<p>El neurocirujano deposit\u00f3 una ofrenda floral en el sitio donde muri\u00f3 una veintena de personas en 1987 a manos de paramilitares produvalieristas con la complicidad activa de las Fuerzas Armadas.<\/p>\n\n\n\n<p>\u201cDeposito esta corona en memoria de nuestras v\u00edctimas, ciudadanos y votantes pac\u00edficos, asesinados con las papeletas en la mano, por la causa de la democracia\u201d, dijo el titular y reclam\u00f3 que el acto atroz y b\u00e1rbaro no se repita.<\/p>\n\n\n\n<p>El 29 de noviembre de 1987 Hait\u00ed se alistaba para sus primeros sufragios tras casi tres d\u00e9cadas de r\u00e9gimen autocr\u00e1tico. que dej\u00f3 m\u00e1s de 30 mil muertes y cientos de miles de exiliados.<\/p>\n\n\n\n<p>En el colegio electoral de Ruelle Vaillant (Ecole Argentine Bellegarde) fueron asesinados cerca de 20 votantes, y la ola de terror se extendi\u00f3 por otros departamentos, entre estos Aritibonite.<\/p>\n\n\n\n<p>En ese momento la naci\u00f3n caribe\u00f1a estaba bajo el gobierno militar de Henry Namphy, quien mantuvo un r\u00e9gimen de mano dura y la represi\u00f3n de los disidentes. El periodo que dur\u00f3 hasta febrero de 1988 se conoci\u00f3 como el duvalierismo sin Duvalier.<\/p>\n\n\n\n<p>Expertos coinciden que la \u201ccarnicer\u00eda\u201d de Ruelle Vaillant abri\u00f3 la era de las masacres contra el pueblo haitiano para sofocar sus aspiraciones populares de una verdadera alteraci\u00f3n del statu quo.<\/p>\n\n\n\n<p>mgt\/ane<\/p>\n","protected":false},"excerpt":{"rendered":"<p>diariodominicano.com Puerto Pr\u00edncipe, 29 nov (Prensa Latina) El primer ministro de Hait\u00ed, Ariel Henry, record\u00f3 hoy la masacre del callej\u00f3n de Vaillant, que frustr\u00f3 las primeras elecciones democr\u00e1ticas tras la ca\u00edda de la dictadura de Fran\u00e7ois y Jean Claude Duvalier. El neurocirujano deposit\u00f3 una ofrenda floral en el sitio donde muri\u00f3 una veintena de personas [&hellip;]<\/p>\n","protected":false},"author":5,"featured_media":312186,"comment_status":"closed","ping_status":"","sticky":true,"template":"","format":"standard","meta":{"footnotes":""},"categories":[23,27],"tags":[],"class_list":["post-312174","post","type-post","status-publish","format-standard","has-post-thumbnail","hentry","category-internacional","category-portada"],"_links":{"self":[{"href":"https:\/\/diariodominicano.com\/index.php?rest_route=\/wp\/v2\/posts\/312174","targetHints":{"allow":["GET"]}}],"collection":[{"href":"https:\/\/diariodominicano.com\/index.php?rest_route=\/wp\/v2\/posts"}],"about":[{"href":"https:\/\/diariodominicano.com\/index.php?rest_route=\/wp\/v2\/types\/post"}],"author":[{"embeddable":true,"href":"https:\/\/diariodominicano.com\/index.php?rest_route=\/wp\/v2\/users\/5"}],"replies":[{"embeddable":true,"href":"https:\/\/diariodominicano.com\/index.php?rest_route=%2Fwp%2Fv2%2Fcomments&post=312174"}],"version-history":[{"count":1,"href":"https:\/\/diariodominicano.com\/index.php?rest_route=\/wp\/v2\/posts\/312174\/revisions"}],"predecessor-version":[{"id":312187,"href":"https:\/\/diariodominicano.com\/index.php?rest_route=\/wp\/v2\/posts\/312174\/revisions\/312187"}],"wp:featuredmedia":[{"embeddable":true,"href":"https:\/\/diariodominicano.com\/index.php?rest_route=\/wp\/v2\/media\/312186"}],"wp:attachment":[{"href":"https:\/\/diariodominicano.com\/index.php?rest_route=%2Fwp%2Fv2%2Fmedia&parent=312174"}],"wp:term":[{"taxonomy":"category","embeddable":true,"href":"https:\/\/diariodominicano.com\/index.php?rest_route=%2Fwp%2Fv2%2Fcategories&post=312174"},{"taxonomy":"post_tag","embeddable":true,"href":"https:\/\/diariodominicano.com\/index.php?rest_route=%2Fwp%2Fv2%2Ftags&post=312174"}],"curies":[{"name":"wp","href":"https:\/\/api.w.org\/{rel}","templated":true}]}}