{"id":312168,"date":"2021-11-29T13:58:04","date_gmt":"2021-11-29T17:58:04","guid":{"rendered":"http:\/\/diariodominicano.com\/?p=312168"},"modified":"2021-11-29T13:58:04","modified_gmt":"2021-11-29T17:58:04","slug":"mas-de-400-personas-beneficiadas-con-primera-jornada-preventiva-contra-el-cancer-realizada-por-el-gabinete-de-politica-social-e-incart","status":"publish","type":"post","link":"https:\/\/diariodominicano.com\/?p=312168","title":{"rendered":"M\u00e1s de 400 personas beneficiadas con primera jornada preventiva contra el c\u00e1ncer realizada por el Gabinete de Pol\u00edtica Social e INCART"},"content":{"rendered":"\n<p>diariodominicano.com<\/p>\n\n\n\n<p>Santo Domingo, R. D., 29 de noviembre, 2021.- El Gabinete de Pol\u00edtica Social y el Instituto Nacional del C\u00e1ncer Rosa Emilia P\u00e9rez de Tav\u00e1rez (INCART) concluyeron con \u00e9xito la primera fase de la jornada preventiva contra el c\u00e1ncer. En ella se beneficiaron al menos 410 personas que recibieron atenciones m\u00e9dicas y medicamentos para hacer frente a la enfermedad, al igual que charlas preventivas y de orientaci\u00f3n sobre c\u00f3mo manejar este padecimiento.<\/p>\n\n\n\n<p>La primera etapa de la jornada se desarroll\u00f3 durante los meses de octubre y noviembre de este a\u00f1o, en el marco de un acuerdo firmado por ambas instituciones. De este modo los equipos del Gabinete y del INCART llegaron a las comunidades de Canta la Rana, Los Tres Brazos, Los Mina, Zona del Dique de la Ribera del Ozama, San Vicente, Los Rosales y Villa Carmen de Santo Domingo Este.<\/p>\n\n\n\n<p>Adem\u00e1s, se dio seguimiento a los casos en la sede del Instituto del C\u00e1ncer con el apoyo log\u00edstico del Gabinete.<\/p>\n\n\n\n<p>Las autoridades de ambas instituciones manifestaron que esta primera etapa super\u00f3 las expectativas de asistencia a personas en condiciones de vulnerabilidad social, por lo que se planea iniciar una segunda etapa lo antes posible para impactar la vida de m\u00e1s mujeres y hombres.<\/p>\n\n\n\n<p>Durante el desarrollo de la iniciativa, el personal de ambas instituciones imparti\u00f3 charlas de prevenci\u00f3n, adem\u00e1s de que se realizaron consultas y procedimientos diagn\u00f3sticos a los asistentes a los puntos identificados. Hubo tambi\u00e9n consultas con los m\u00e9dicos especialistas en las \u00e1reas de chequeo de mama, cervicouterino y pr\u00f3stata.<\/p>\n\n\n\n<p>El coordinador del Gabinete, Tony Pe\u00f1a, reiter\u00f3 la importancia de que las personas en condiciones de vulnerabilidad social tengan acceso a medicamentos de alto costo y tratamientos para el c\u00e1ncer por lo que reiter\u00f3 el compromiso de la instituci\u00f3n que dirige con esta causa.<\/p>\n\n\n\n<p>\u201cEsta es una enfermedad que ha tocado a mi familia en varias ocasiones y es por eso que personalmente me ocupo para que las personas en condiciones de vulnerabilidad social no tengan que ver a sus seres queridos partir por falta de una atenci\u00f3n a tiempo o una medicina oportuna\u201d, dijo Pe\u00f1a.<\/p>\n\n\n\n<p>De su lado, la gerente de oncolog\u00eda del INCART&nbsp;enfatiz\u00f3 que la \u00fanica forma de disminuir la mortalidad de la enfermedad es realizando un diagn\u00f3stico preventivo oportuno.&nbsp;En ese sentido, valor\u00f3 las acciones del Gabinete de Pol\u00edtica Social y de su coordinador, Tony Pe\u00f1a, a favor de la poblaci\u00f3n con c\u00e1ncer del pa\u00eds y reconoci\u00f3 la importancia de brindar estas soluciones a las personas en condiciones de vulnerabilidad social con esta enfermedad.<\/p>\n\n\n\n<p>Asimismo, el director de Relaciones Interinstitucionales del Gabinete, Carlos Zapata, a\u00f1adi\u00f3 que la misi\u00f3n de la instituci\u00f3n es articular alianzas de protecci\u00f3n social para reducir los \u00edndices de mortalidad de esta enfermedad.<\/p>\n\n\n\n<p>Los representantes de ambas instituciones revelaron que en los pr\u00f3ximos d\u00edas se publicar\u00e1 el calendario de las actividades contenidas en la segunda etapa de las acciones del acuerdo interinstitucional.<\/p>\n\n\n\n<p>Se recuerda que el Gabinete de Pol\u00edtica Social tambi\u00e9n entreg\u00f3 una donaci\u00f3n de alrededor de 300 millones de pesos Instituto Nacional del C\u00e1ncer Rosa Emilia P\u00e9rez de Tavarez (INCART) como parte de este mismo acuerdo.<\/p>\n\n\n\n<p>Fuente: Direcci\u00f3n de Estrategia y Comunicaci\u00f3n Gubernamental<\/p>\n\n\n\n<p>Ministerio Administrativo de la Presidencia de la Rep\u00fablica Dominicana<\/p>\n","protected":false},"excerpt":{"rendered":"<p>diariodominicano.com Santo Domingo, R. D., 29 de noviembre, 2021.- El Gabinete de Pol\u00edtica Social y el Instituto Nacional del C\u00e1ncer Rosa Emilia P\u00e9rez de Tav\u00e1rez (INCART) concluyeron con \u00e9xito la primera fase de la jornada preventiva contra el c\u00e1ncer. En ella se beneficiaron al menos 410 personas que recibieron atenciones m\u00e9dicas y medicamentos para hacer [&hellip;]<\/p>\n","protected":false},"author":5,"featured_media":312170,"comment_status":"closed","ping_status":"","sticky":true,"template":"","format":"standard","meta":{"footnotes":""},"categories":[20,27],"tags":[],"class_list":["post-312168","post","type-post","status-publish","format-standard","has-post-thumbnail","hentry","category-dominicana-hoy","category-portada"],"_links":{"self":[{"href":"https:\/\/diariodominicano.com\/index.php?rest_route=\/wp\/v2\/posts\/312168","targetHints":{"allow":["GET"]}}],"collection":[{"href":"https:\/\/diariodominicano.com\/index.php?rest_route=\/wp\/v2\/posts"}],"about":[{"href":"https:\/\/diariodominicano.com\/index.php?rest_route=\/wp\/v2\/types\/post"}],"author":[{"embeddable":true,"href":"https:\/\/diariodominicano.com\/index.php?rest_route=\/wp\/v2\/users\/5"}],"replies":[{"embeddable":true,"href":"https:\/\/diariodominicano.com\/index.php?rest_route=%2Fwp%2Fv2%2Fcomments&post=312168"}],"version-history":[{"count":1,"href":"https:\/\/diariodominicano.com\/index.php?rest_route=\/wp\/v2\/posts\/312168\/revisions"}],"predecessor-version":[{"id":312171,"href":"https:\/\/diariodominicano.com\/index.php?rest_route=\/wp\/v2\/posts\/312168\/revisions\/312171"}],"wp:featuredmedia":[{"embeddable":true,"href":"https:\/\/diariodominicano.com\/index.php?rest_route=\/wp\/v2\/media\/312170"}],"wp:attachment":[{"href":"https:\/\/diariodominicano.com\/index.php?rest_route=%2Fwp%2Fv2%2Fmedia&parent=312168"}],"wp:term":[{"taxonomy":"category","embeddable":true,"href":"https:\/\/diariodominicano.com\/index.php?rest_route=%2Fwp%2Fv2%2Fcategories&post=312168"},{"taxonomy":"post_tag","embeddable":true,"href":"https:\/\/diariodominicano.com\/index.php?rest_route=%2Fwp%2Fv2%2Ftags&post=312168"}],"curies":[{"name":"wp","href":"https:\/\/api.w.org\/{rel}","templated":true}]}}