{"id":312161,"date":"2021-11-29T12:27:17","date_gmt":"2021-11-29T16:27:17","guid":{"rendered":"http:\/\/diariodominicano.com\/?p=312161"},"modified":"2021-11-29T12:27:17","modified_gmt":"2021-11-29T16:27:17","slug":"abogados-denuncian-plan-para-boicotear-apertura-judicial-ordenada-por-el-tribunal-constitucional","status":"publish","type":"post","link":"https:\/\/diariodominicano.com\/?p=312161","title":{"rendered":"Abogados denuncian plan para boicotear apertura judicial ordenada por el Tribunal Constitucional"},"content":{"rendered":"\n<p>diariodominicano.com<\/p>\n\n\n\n<p>Juristas participan en vistas p\u00fablicas sobre el Proyecto de Ley de Uso de Medios Digitales.<\/p>\n\n\n\n<p>Santo Domingo, R. D., 29 de noviembre, 2021.-  Treinta tres presidentes de las seccionales de todas las provincias del Colegio de Abogados de la Rep\u00fablica Dominicana (CARD), representantes asociaciones de abogados y defensores de los Derechos Humanos denunciaron un plan para boicotear la apertura judicial ordenada mediante sentencia por el Tribunal Constitucional por parte del Presidente de la Suprema Corte de Justicia.<\/p>\n\n\n\n<p>La denuncia fue realizada en el marco de las vistas p\u00fablicas que realiza la comisi\u00f3n que estudia el Proyecto de Ley de Uso de Medios Digitales.<\/p>\n\n\n\n<div class=\"wp-block-image\"><figure class=\"alignleft size-large is-resized\"><img loading=\"lazy\" decoding=\"async\" src=\"https:\/\/diariodominicano.com\/wp-content\/uploads\/2021\/11\/Surun-2021-11-29--1024x539.jpeg\" alt=\"\" class=\"wp-image-312163\" width=\"372\" height=\"195\" srcset=\"https:\/\/diariodominicano.com\/wp-content\/uploads\/2021\/11\/Surun-2021-11-29--1024x539.jpeg 1024w, https:\/\/diariodominicano.com\/wp-content\/uploads\/2021\/11\/Surun-2021-11-29--300x158.jpeg 300w, https:\/\/diariodominicano.com\/wp-content\/uploads\/2021\/11\/Surun-2021-11-29--768x405.jpeg 768w, https:\/\/diariodominicano.com\/wp-content\/uploads\/2021\/11\/Surun-2021-11-29--816x430.jpeg 816w, https:\/\/diariodominicano.com\/wp-content\/uploads\/2021\/11\/Surun-2021-11-29-.jpeg 1380w\" sizes=\"auto, (max-width: 372px) 100vw, 372px\" \/><\/figure><\/div>\n\n\n\n<p>El presidente del Colegio de Abogados, Miguel Surun Hern\u00e1ndez, dijo que con ese plan se busca el colapso de los servicios presenciales en todo el sistema de justicia para culpar al Tribunal Constitucional, y con ello presionar al Congreso Nacional para que se apruebe al vapor, y a como d\u00e9 lugar el proyecto de Ley de virtualidad.<\/p>\n\n\n\n<p>\u201cEsto se puede comprobar en el hecho de que han transcurrido casi tres meses de la emisi\u00f3n de la sentencia que orden\u00f3 la apertura de los tribunales y el Consejo del Poder Judicial no ha tomado las medidas administrativas, ni log\u00edstica para dotar a los tribunales del personal secretarial para atender a los ciudadanos\u201d denunci\u00f3 Surun Hern\u00e1ndez.<\/p>\n\n\n\n<p>El gremialista indic\u00f3 de manera escrita y verbal que el proyecto elaborado y depositado&nbsp; por el presidente de la Suprema Corte de Justicia, Luis Henry Molina, busca contrarrestar la declaratoria de inconstitucionalidad pronunciada por el Tribunal Constitucional (TC) en la sentencia TC\/0286\/21, que estableci\u00f3 que la presencia f\u00edsica de las partes en la audiencia, es un mecanismo que procura salvaguardar los principios de inmediaci\u00f3n, concentraci\u00f3n y contradicci\u00f3n de los usuarios, derechos contemplados en la Carta Magna.<\/p>\n\n\n\n<p>Manifest\u00f3 que dicho proyecto en sus art\u00edculos 11, 12, 13, 14 pretende quitarle facultades al Congreso Nacional a trav\u00e9s del establecimiento de la Ley \u201cHabilitante\u201d, con el objetivo de que ese poder del Estado ceda en favor de otro \u00f3rgano sus potestades legislativas, sobre todo en materia de garant\u00edas fundamentales, lo que atenta contra el estado de derecho y la Constituci\u00f3n.<\/p>\n\n\n\n<p>El presidente del Colegio de Abogados entiende que en esas condiciones predominar\u00eda la desigualdad entre los usuarios y record\u00f3 que el art\u00edculo 69 de la Constituci\u00f3n de la Rep\u00fablica habla sobre la Tutela Judicial y el Debido Proceso, indicando que toda persona tiene derecho a una justicia accesible, oportuna y gratuita y en este anteproyecto se violentan todos estos derechos.<\/p>\n\n\n\n<p>Los juristas tambi\u00e9n denunciaron que la pieza plantea la realizaci\u00f3n de audiencias y procesos virtuales obligatorios, no opcionales con lo que viola la Tutela Judicial; adem\u00e1s se consagra el acceso a los expedientes judiciales por la v\u00eda virtual, eliminando el acceso presencial a trav\u00e9s de las Secretar\u00edas que establece la Constituci\u00f3n y la Ley 821. Asimismo, da validez al uso de documentos escaneados.<\/p>\n\n\n\n<p>&nbsp;\u201cEste proyecto constituye en los hechos el cierre del acceso a la Justicia para el 70% de la poblaci\u00f3n dominicana que no tiene acceso a Internet, a equipos inform\u00e1ticos y que las audiencias virtuales sean a discreci\u00f3n de un Juez\u201d dijo Surun Hern\u00e1ndez-<\/p>\n\n\n\n<p>En ese sentido precis\u00f3 que ese proyecto vulnera los derechos de todos los usuarios del sistema, la Carta Magna y los C\u00f3digos de Procedimiento Civil, C\u00f3digo Procesal Penal, C\u00f3digo de Trabajo y otros.<\/p>\n\n\n\n<p>Retrasos y retrocesos en servicios judiciales<\/p>\n\n\n\n<p>Los abogados recordaron al Consejo del Poder Judicial que en tiempos de pre-pandemia, una fijaci\u00f3n de audiencia se realizaba en dos horas y que en la actualidad tarda un tiempo estimado de 30 a 45 d\u00edas, que los aplazamientos eran de 30 d\u00edas y ahora se hacen de 3 a 4 meses y que las sentencia eran obtenidas en media hora y actualmente tardan de 20 a 30 d\u00edas.<\/p>\n\n\n\n<p>Tambi\u00e9n precisaron que las copias de los expedientes en se obten\u00edan en una hora y que en estos momentos tardan de 30 a 45 d\u00edas, por lo que la justicia era m\u00e1s eficiente.<\/p>\n\n\n\n<p>Derechos Humanos<\/p>\n\n\n\n<p>De su lado, Manuel Mar\u00eda Mercedes, presidente de la Comisi\u00f3n Nacional de Derechos Humanos explic\u00f3 que la pieza legislativa viola varios art\u00edculos de la Constituci\u00f3n y derechos fundamentales de los usuarios del sistema de justicia.<\/p>\n\n\n\n<p>Fuente: DEPARTAMENTO DE COMUNICACIONES<\/p>\n\n\n\n<p>Julia Flores<\/p>\n\n\n\n<p>Periodista<\/p>\n","protected":false},"excerpt":{"rendered":"<p>diariodominicano.com Juristas participan en vistas p\u00fablicas sobre el Proyecto de Ley de Uso de Medios Digitales. Santo Domingo, R. D., 29 de noviembre, 2021.- Treinta tres presidentes de las seccionales de todas las provincias del Colegio de Abogados de la Rep\u00fablica Dominicana (CARD), representantes asociaciones de abogados y defensores de los Derechos Humanos denunciaron un [&hellip;]<\/p>\n","protected":false},"author":5,"featured_media":312162,"comment_status":"closed","ping_status":"","sticky":true,"template":"","format":"standard","meta":{"footnotes":""},"categories":[24,27],"tags":[],"class_list":["post-312161","post","type-post","status-publish","format-standard","has-post-thumbnail","hentry","category-justicia-y-derecho","category-portada"],"_links":{"self":[{"href":"https:\/\/diariodominicano.com\/index.php?rest_route=\/wp\/v2\/posts\/312161","targetHints":{"allow":["GET"]}}],"collection":[{"href":"https:\/\/diariodominicano.com\/index.php?rest_route=\/wp\/v2\/posts"}],"about":[{"href":"https:\/\/diariodominicano.com\/index.php?rest_route=\/wp\/v2\/types\/post"}],"author":[{"embeddable":true,"href":"https:\/\/diariodominicano.com\/index.php?rest_route=\/wp\/v2\/users\/5"}],"replies":[{"embeddable":true,"href":"https:\/\/diariodominicano.com\/index.php?rest_route=%2Fwp%2Fv2%2Fcomments&post=312161"}],"version-history":[{"count":1,"href":"https:\/\/diariodominicano.com\/index.php?rest_route=\/wp\/v2\/posts\/312161\/revisions"}],"predecessor-version":[{"id":312164,"href":"https:\/\/diariodominicano.com\/index.php?rest_route=\/wp\/v2\/posts\/312161\/revisions\/312164"}],"wp:featuredmedia":[{"embeddable":true,"href":"https:\/\/diariodominicano.com\/index.php?rest_route=\/wp\/v2\/media\/312162"}],"wp:attachment":[{"href":"https:\/\/diariodominicano.com\/index.php?rest_route=%2Fwp%2Fv2%2Fmedia&parent=312161"}],"wp:term":[{"taxonomy":"category","embeddable":true,"href":"https:\/\/diariodominicano.com\/index.php?rest_route=%2Fwp%2Fv2%2Fcategories&post=312161"},{"taxonomy":"post_tag","embeddable":true,"href":"https:\/\/diariodominicano.com\/index.php?rest_route=%2Fwp%2Fv2%2Ftags&post=312161"}],"curies":[{"name":"wp","href":"https:\/\/api.w.org\/{rel}","templated":true}]}}