{"id":312153,"date":"2021-11-29T11:31:21","date_gmt":"2021-11-29T15:31:21","guid":{"rendered":"http:\/\/diariodominicano.com\/?p=312153"},"modified":"2021-11-29T11:31:21","modified_gmt":"2021-11-29T15:31:21","slug":"dirigente-adelanta-miguel-vargas-sera-el-candidato-presidencial-del-prd-resalta-crecimiento-del-partido","status":"publish","type":"post","link":"https:\/\/diariodominicano.com\/?p=312153","title":{"rendered":"Dirigente adelanta Miguel Vargas ser\u00e1 el candidato presidencial del PRD; resalta crecimiento del partido"},"content":{"rendered":"\n<p>diariodominicano.com<\/p>\n\n\n\n<p>Santo Domingo, R. D.,  29 de noviembre, 2021.- El dirigente nacional del Partido Revolucionario Dominicano (PRD), Jos\u00e9 Juan Zapapa, afirm\u00f3 este domingo que a pesar de la situaci\u00f3n que afect\u00f3 la entidad en el pasado proceso electoral, \u201cm\u00e1s del 90% de los dirigentes de la capital se mantienen firmes en la organizaci\u00f3n opositora.<\/p>\n\n\n\n<p>En ese sentido, Zapata adelant\u00f3 que, desde ya, se busca presentar al l\u00edder de la entidad, Miguel Vargas Maldonado, que acepte ser el candidato presidencial del PRD, \u201cpor haber completado la madurez pol\u00edtica y los conocimientos en el manejo de los asuntos gubernamentales\u201d.<\/p>\n\n\n\n<p>Entrevistado en el programa \u201cAs\u00ed Vamos, con H\u00e9ctor Guzm\u00e1n\u201d, que se difunde cada domingo&nbsp;a las 10:00 AM por Teleradio Am\u00e9rica, Zapata dijo que nadie se ha atrevido a cuestionar el manejo eficaz de cada una de las posiciones que ha ocupado en el tren gubernamental.<\/p>\n\n\n\n<p>\u201cHay algunos enemigos pol\u00edticos que han hecho se\u00f1alamientos, pero \u00e9l (Vargas Maldonado), no respondido, porque \u00e9stos deben enjuagarse la boca cuando pronuncian su nombre\u201d<\/p>\n\n\n\n<p>Manifest\u00f3 que Vargas Maldonado \u201cest\u00e1 listo para gobernar este pa\u00eds\u201d, y que como candidato presidencial tiene amplias&nbsp;posibilidades, \u201cporque hasta ahora nada est\u00e1 definido en ese sentido y \u00e9l cuenta con la suficiente experiencia de Estado\u201d. &nbsp;<\/p>\n\n\n\n<p>A su juicio, la actual coyuntura pol\u00edtica que vive el pa\u00eds, \u201ces propicia para que nuestro l\u00edder relance al partido, como lo hizo en el 2008, cuando pese a conflictos internos alcanz\u00f3 u 35% de los votos\u201d.<\/p>\n\n\n\n<p>Respecto al crecimiento interno del PRD, dijo que la entidad sigue siendo \u201cquerida y respetada en el seno del pueblo\u00bb, como qued\u00f3 demostrado cuando desde mayo hasta este noviembre, inici\u00f3 la reestructuraci\u00f3n de sus cuadros en las tres circunscripciones del Distrito Nacional.<\/p>\n\n\n\n<p>\u201cCon este trabajo, confirmamos la lealtad de los dirigentes barriales al partido, y que el PRD no es un hombre, una mujer, sino un sentimiento arraigado en el coraz\u00f3n de los dominicanos, por ser el \u00fanico instrumento de lucha reivindicativa que tiene el pueblo dominicano\u201d, asegur\u00f3.<\/p>\n\n\n\n<p>Adujo que el partido blanco es la v\u00eda m\u00e1s id\u00f3nea para que los j\u00f3venes, las amas de casa y muchos otros sectores de la vida nacional, para dirigir sus inquietudes y esperanzas.<\/p>\n\n\n\n<p>\u201cEl PRD siempre ha estado ah\u00ed junto al pueblo, por lo que no podemos que ese instrumento para reivindicaci\u00f3n de este pa\u00eds se anquilose. Es un legado dejado por nuestro l\u00edder ido a destiempo, Jos\u00e9 Francisco Pe\u00f1a G\u00f3mez\u201d, dijo Zapata.<\/p>\n\n\n\n<p>Se\u00f1al\u00f3 que sus palabras fueron materializadas el pasado seis de noviembre, cuando en un hotel de la capital se realiz\u00f3 la juramentaci\u00f3n de m\u00e1s de mil nuevos dirigentes de las 26 zonas, estructuradas en las circunscripciones y el Comit\u00e9 del PRD en el Distrito Nacional.<\/p>\n\n\n\n<p>Dijo que como fruto de estas acciones decenas de dirigentes que se hab\u00edan apartado del partido han retornado, citando entre estos, al legendario l\u00edder choferil Amadeo Lorenzo.<\/p>\n\n\n\n<p>Zapata asegur\u00f3 que el PRD ejerce su rol &nbsp;&nbsp;de partido opositor \u201ccon la dignidad que siempre lo ha hecho, por lo que cuando hablamos con la poblaci\u00f3n somos escuchados con respeto, aceptando la invitaci\u00f3n a que ingresen a nuestra organizaci\u00f3n\u201d.<\/p>\n\n\n\n<p><strong>Preparando el futuro<\/strong><\/p>\n\n\n\n<p>En otro orden, el dirigente perredeista, afirm\u00f3 que el PRD se prepara para en las pr\u00f3ximas elecciones presentar verdaderos candidatos a los diferentes niveles de elecci\u00f3n, los que no har\u00e1n como algunos nominados a puestos legislativos y municipales que se marcharon a otros partidos.<\/p>\n\n\n\n<p>\u201cNos estamos preparando como organizaci\u00f3n opositora, para presentarles a los electores las mejores opciones en las elecciones municipales, congresuales y presidenciales en los venideros comicios de mayo 2024.<\/p>\n\n\n\n<p><strong>Lunes 29 de noviembre 2021<\/strong><\/p>\n\n\n\n<p>Fuente:  <strong>Juan Acosta<\/strong><\/p>\n","protected":false},"excerpt":{"rendered":"<p>diariodominicano.com Santo Domingo, R. D., 29 de noviembre, 2021.- El dirigente nacional del Partido Revolucionario Dominicano (PRD), Jos\u00e9 Juan Zapapa, afirm\u00f3 este domingo que a pesar de la situaci\u00f3n que afect\u00f3 la entidad en el pasado proceso electoral, \u201cm\u00e1s del 90% de los dirigentes de la capital se mantienen firmes en la organizaci\u00f3n opositora. En [&hellip;]<\/p>\n","protected":false},"author":5,"featured_media":312154,"comment_status":"closed","ping_status":"","sticky":true,"template":"","format":"standard","meta":{"footnotes":""},"categories":[22,27],"tags":[],"class_list":["post-312153","post","type-post","status-publish","format-standard","has-post-thumbnail","hentry","category-politica","category-portada"],"_links":{"self":[{"href":"https:\/\/diariodominicano.com\/index.php?rest_route=\/wp\/v2\/posts\/312153","targetHints":{"allow":["GET"]}}],"collection":[{"href":"https:\/\/diariodominicano.com\/index.php?rest_route=\/wp\/v2\/posts"}],"about":[{"href":"https:\/\/diariodominicano.com\/index.php?rest_route=\/wp\/v2\/types\/post"}],"author":[{"embeddable":true,"href":"https:\/\/diariodominicano.com\/index.php?rest_route=\/wp\/v2\/users\/5"}],"replies":[{"embeddable":true,"href":"https:\/\/diariodominicano.com\/index.php?rest_route=%2Fwp%2Fv2%2Fcomments&post=312153"}],"version-history":[{"count":1,"href":"https:\/\/diariodominicano.com\/index.php?rest_route=\/wp\/v2\/posts\/312153\/revisions"}],"predecessor-version":[{"id":312155,"href":"https:\/\/diariodominicano.com\/index.php?rest_route=\/wp\/v2\/posts\/312153\/revisions\/312155"}],"wp:featuredmedia":[{"embeddable":true,"href":"https:\/\/diariodominicano.com\/index.php?rest_route=\/wp\/v2\/media\/312154"}],"wp:attachment":[{"href":"https:\/\/diariodominicano.com\/index.php?rest_route=%2Fwp%2Fv2%2Fmedia&parent=312153"}],"wp:term":[{"taxonomy":"category","embeddable":true,"href":"https:\/\/diariodominicano.com\/index.php?rest_route=%2Fwp%2Fv2%2Fcategories&post=312153"},{"taxonomy":"post_tag","embeddable":true,"href":"https:\/\/diariodominicano.com\/index.php?rest_route=%2Fwp%2Fv2%2Ftags&post=312153"}],"curies":[{"name":"wp","href":"https:\/\/api.w.org\/{rel}","templated":true}]}}