{"id":312143,"date":"2021-11-29T10:38:11","date_gmt":"2021-11-29T14:38:11","guid":{"rendered":"http:\/\/diariodominicano.com\/?p=312143"},"modified":"2021-11-29T10:38:11","modified_gmt":"2021-11-29T14:38:11","slug":"policia-nacional-apresa-54-personas-por-la-comision-de-distintos-delitos-en-las-ultimas-24-horas","status":"publish","type":"post","link":"https:\/\/diariodominicano.com\/?p=312143","title":{"rendered":"Polic\u00eda Nacional apresa 54 personas por la comisi\u00f3n de distintos delitos en las \u00faltimas 24 horas"},"content":{"rendered":"\n<p>diariodominicano.com<\/p>\n\n\n\n<p>Santo Domingo, R. D., 29 de noviembre, 2021.-  La Polic\u00eda Nacional informa que en las \u00faltimas 24 horas fueron detenidas 54 personas en toda la geograf\u00eda nacional por distintos delitos entre ellos, robo, agresi\u00f3n sexual a menores, secuestro, violencia intrafamiliar, amenaza en contra de ciudadanos, entre otros, recuper\u00e1ndose armas de fuego, veh\u00edculos y otros art\u00edculos.\u00a0<\/p>\n\n\n\n<p>Entre los casos m\u00e1s destacados, figura la detenci\u00f3n del haitiano&nbsp;<strong>Jos\u00e9 Antonio Cehhi (a) Morenito y\/o Trenza, de 30 a\u00f1os<\/strong>, implicado en la muerte del joven Rub\u00e9n Dar\u00edo Carpio (a) Gavillan de 21 a\u00f1os, quien falleci\u00f3 como consecuencia de herida de bala, el pasado 12-11-2021, en Hig\u00fcey, provincia La Altagracia, hecho que se le imputa junto a otros dos hombres que se encuentran pr\u00f3fugos, ya identificados por la Polic\u00eda.<\/p>\n\n\n\n<p>Al momento de la detenci\u00f3n se le ocup\u00f3 en una casucha 74 porciones de un polvo blanco que se presume coca\u00edna, 156 porciones de un material rocoso que se presume crack y 139 de un vegetal que se presume es marihuana; tambi\u00e9n se le ocuparon dos celulares, un cargador, dos aretes y una cadena, todos de color dorado. El reporte preliminar de este caso refiere que el suceso ocurri\u00f3 en medio de una ri\u00f1a con el hoy occiso por asuntos personales.<\/p>\n\n\n\n<p>Mientras que, en el municipio de Ban\u00ed, provincia Peravia, fueron apresados&nbsp;<strong>Joselito Ledesma M\u00e9ndez, de 33 a\u00f1os<\/strong>;&nbsp;<strong>Kelvin Rodr\u00edguez Duran, de 23<\/strong>, y&nbsp;<strong>Mariano Galv\u00e1n Rodr\u00edguez, de 33<\/strong>, quienes se presentaron a una empresa de venta de aguacates con actitud violenta, para realizar un cobro por el monto de RD$165,000.00 que se le adeuda al primero de los prevenidos, origin\u00e1ndose una fuerte ri\u00f1a con el administrador del negocio.<\/p>\n\n\n\n<p>Ledesma M\u00e9ndez, al ser registrado, se le ocup\u00f3 la suma de RD$185,000.00 y un celular.<\/p>\n\n\n\n<p>En tanto que en San Crist\u00f3bal fue detenido&nbsp;<strong>Jorge Junior Rosario, de 28 a\u00f1os<\/strong>, mediante orden de arresto, al ser imputado por abuso sexual contra una ni\u00f1a de ocho a\u00f1os, siendo entregado a la acci\u00f3n judicial para los fines legales correspondientes.<\/p>\n\n\n\n<p>En Santiago fue capturado mediante orden de arresto 07223-2021,&nbsp;<strong>Kelvin Garc\u00eda Pe\u00f1a (a) Tito, de 22<\/strong>, por el hecho de que \u00e9ste, en compa\u00f1\u00eda de Gabriel Delgado (a) Kunki, quien ya guarda prisi\u00f3n, y otras personas que se investigan, le ocasionaron varias heridas de bala a Mart\u00edn Joel Jim\u00e9nez Luna, ocurrido el 04-09-2021, motivado por una discusi\u00f3n por unas reses con otra persona que se investiga.<\/p>\n\n\n\n<p>La instituci\u00f3n del orden reitera su compromiso con la sociedad para preservar la paz social, la convivencia pac\u00edfica y el clima de seguridad ciudadana.<\/p>\n\n\n\n<p>Fuente:  <strong>Prensa Polic\u00eda Nacional<\/strong><\/p>\n\n\n\n<p>Departamento de Prensa<\/p>\n\n\n\n<p>Direcci\u00f3n\u00a0de Comunicaciones\u00a0Estrat\u00e9gicas<\/p>\n\n\n\n<p>Polic\u00eda Nacional Rep\u00fablica Dominicana<\/p>\n","protected":false},"excerpt":{"rendered":"<p>diariodominicano.com Santo Domingo, R. D., 29 de noviembre, 2021.- La Polic\u00eda Nacional informa que en las \u00faltimas 24 horas fueron detenidas 54 personas en toda la geograf\u00eda nacional por distintos delitos entre ellos, robo, agresi\u00f3n sexual a menores, secuestro, violencia intrafamiliar, amenaza en contra de ciudadanos, entre otros, recuper\u00e1ndose armas de fuego, veh\u00edculos y otros [&hellip;]<\/p>\n","protected":false},"author":5,"featured_media":311268,"comment_status":"closed","ping_status":"","sticky":true,"template":"","format":"standard","meta":{"footnotes":""},"categories":[24,27],"tags":[],"class_list":["post-312143","post","type-post","status-publish","format-standard","has-post-thumbnail","hentry","category-justicia-y-derecho","category-portada"],"_links":{"self":[{"href":"https:\/\/diariodominicano.com\/index.php?rest_route=\/wp\/v2\/posts\/312143","targetHints":{"allow":["GET"]}}],"collection":[{"href":"https:\/\/diariodominicano.com\/index.php?rest_route=\/wp\/v2\/posts"}],"about":[{"href":"https:\/\/diariodominicano.com\/index.php?rest_route=\/wp\/v2\/types\/post"}],"author":[{"embeddable":true,"href":"https:\/\/diariodominicano.com\/index.php?rest_route=\/wp\/v2\/users\/5"}],"replies":[{"embeddable":true,"href":"https:\/\/diariodominicano.com\/index.php?rest_route=%2Fwp%2Fv2%2Fcomments&post=312143"}],"version-history":[{"count":1,"href":"https:\/\/diariodominicano.com\/index.php?rest_route=\/wp\/v2\/posts\/312143\/revisions"}],"predecessor-version":[{"id":312144,"href":"https:\/\/diariodominicano.com\/index.php?rest_route=\/wp\/v2\/posts\/312143\/revisions\/312144"}],"wp:featuredmedia":[{"embeddable":true,"href":"https:\/\/diariodominicano.com\/index.php?rest_route=\/wp\/v2\/media\/311268"}],"wp:attachment":[{"href":"https:\/\/diariodominicano.com\/index.php?rest_route=%2Fwp%2Fv2%2Fmedia&parent=312143"}],"wp:term":[{"taxonomy":"category","embeddable":true,"href":"https:\/\/diariodominicano.com\/index.php?rest_route=%2Fwp%2Fv2%2Fcategories&post=312143"},{"taxonomy":"post_tag","embeddable":true,"href":"https:\/\/diariodominicano.com\/index.php?rest_route=%2Fwp%2Fv2%2Ftags&post=312143"}],"curies":[{"name":"wp","href":"https:\/\/api.w.org\/{rel}","templated":true}]}}