{"id":312132,"date":"2021-11-29T08:59:46","date_gmt":"2021-11-29T12:59:46","guid":{"rendered":"http:\/\/diariodominicano.com\/?p=312132"},"modified":"2021-11-29T08:59:46","modified_gmt":"2021-11-29T12:59:46","slug":"miles-se-manifestaron-en-espana-por-la-defensa-de-la-vida","status":"publish","type":"post","link":"https:\/\/diariodominicano.com\/?p=312132","title":{"rendered":"Miles se manifestaron en Espa\u00f1a por la defensa de la vida"},"content":{"rendered":"\n<p>diariodominicano.com<\/p>\n\n\n\n<p>POR\u00a0<a href=\"https:\/\/plus.google.com\/101209498380451016558\/?rel=author\">BLANCA RUIZ<\/a>\u00a0| ACI Prensa<\/p>\n\n\n\n<p>Vaticano, 29 de noviembre, 2021.-  Miles de personas participaron en la concentraci\u00f3n convocada en Madrid (Espa\u00f1a) el domingo 28 de noviembre por la plataforma Cada Vida Importa para defender \u201cla vida de todos en cualquier circunstancia\u201d, en especial despu\u00e9s de la entrada en vigor de la ley de eutanasia, los ataques a la objeci\u00f3n de conciencia de los m\u00e9dicos que se niegan a practicar abortos y la posibilida de que personas que se sit\u00faan en las cercan\u00edas de las cl\u00ednicas de aborto a rezar puedan ser penadas con la c\u00e1rcel.\u00a0<\/p>\n\n\n\n<p>El coordinador de la plataforma Cada Vida Importa, Javier Rodr\u00edguez, asegur\u00f3 que la concentraci\u00f3n super\u00f3 \u201clas expectativas de asistencia\u201d. Seg\u00fan la organizaci\u00f3n participaron unas 4 mil personas, mientras que la Delegaci\u00f3n del Gobierno afirm\u00f3 que fueron unos 800 los participantes.<\/p>\n\n\n\n<p>Rodr\u00edguez tambi\u00e9n asegur\u00f3 a Europa Press que \u201cno queremos una sociedad que discrimina por etapa vital, salud, edad o recursos econ\u00f3micos; la evoluci\u00f3n o es humana o es involuci\u00f3n\u201d.\u00a0<\/p>\n\n\n\n<p>Adem\u00e1s pidi\u00f3 a los pol\u00edticos que escuchen a los provida para construir \u201cuna sociedad mejor\u201d y destac\u00f3 a ABC que \u201cEspa\u00f1a necesita leyes respetuosas con la dignidad humana, que permitan evolucionar hacia la humanidad y no hacia la cultua del descarte, que promueven leyes como las del aborto o la eutanasia, sin avanzar en los cuidados paliativos ni el apoyo a las madres embarazadas.&nbsp;<\/p>\n\n\n\n<p>Manuel Mart\u00ednez-Sell\u00e9s, presidente del Colegio Oficial de M\u00e9dicos de Madrid (Icomem), particip\u00f3 en la concentraci\u00f3n y asegur\u00f3 que \u201cla muerte no es un acto m\u00e9dico, ni una prestaci\u00f3n sanitaria\u201d.<\/p>\n\n\n\n<p>\u201cLa muerte no es el tratamiento de un sufrimiento. matar es matar y siempre ser\u00e1 matar, y no hay ninguna ley, ning\u00fan sentimiento y ninguna ideolog\u00eda que pueda justificarlo. Que no cuenten conmigo y no cuenten con los m\u00e9dicos. Pedimos que se pongan en marcha los planes y las leyes necesarias para garantizar los cuidados para todos, porque los m\u00e9dicos no vamos a resistir al abandono terap\u00e9utico de nuestros enfermos\u201d, asegur\u00f3 Mart\u00ednez-Sell\u00e9s a ABC.<\/p>\n\n\n\n<p>Durante la concentraci\u00f3n se ley\u00f3 un manifiesto en el que destacaron \u201clos cont\u00ednuos menosprecios a la vida humana por parte de los poderes ejecutivo y legislativo de Espa\u00f1a\u201d y explicaron que esta concentraci\u00f3n pac\u00edfica pretende \u201cmostrar p\u00fablicamente el rechazo a las medidas que se est\u00e1n tomando en contra de la vida de las personas m\u00e1s vulnerables, as\u00ed como mostrar el apoyo a quienes s\u00ed defienden la vida humana desde el inicio de \u00e9sta (concepci\u00f3n) hasta su muerte natural\u201d.<\/p>\n\n\n\n<p>Entre las entidades adheridas a la concentraci\u00f3n estuvieron: la Asamblea por la Vida, la Libertad y la Dignidad, la Federaci\u00f3n Europea One of Us, Asociaci\u00f3n para la Defensa del Derecho a la Objeci\u00f3n de Conciencia (ANDOC), Fundaci\u00f3n J\u00e9r\u00f4me Lejeune, Asociaci\u00f3n Cat\u00f3lica de Propagandistas (ACdP), Asociaci\u00f3n en Defensa de la Vida Humana (ADEVIDA), Asociaci\u00f3n de Investigadores y Profesionales por la Vida (C\u00cdVICA), Fundaci\u00f3n Educatio Servanda, 40 d\u00edas por la vida, Asociaci\u00f3n espa\u00f1ola de Farmac\u00e9uticos cat\u00f3licos o la Fundaci\u00f3n Villacisneros.\u00a0<\/p>\n\n\n\n<p>Tambi\u00e9n se sumaron AESVIDA, Fundaci\u00f3n Valores y Sociedad, Asociaci\u00f3n Deportistas por la Vida y la Familia, E-Cristian, Cristianos en Democracia, Asociaci\u00f3n de Ayuda a la Madre y al Beb\u00e9 (AMABE), AYUVI, Asociaci\u00f3n Voz Postaborto, Plataforma por la Familia Catalunya-ONU, Asociaci\u00f3n Cinemanet, ANDEVI, ACEB-Associaci\u00f3 Catalana d&#8217;Estudis Bio\u00e8tics y PROVIDA Alicante, Alcal\u00e1 de Henares, Badajoz, Barcelona, Bilbao, Castell\u00f3n, Gij\u00f3n, Santander, Valencia, Valladolid, Zaragoza, Guadix, Sevilla y Torrej\u00f3n de Ardoz.<\/p>\n\n\n\n<p><\/p>\n","protected":false},"excerpt":{"rendered":"<p>diariodominicano.com POR\u00a0BLANCA RUIZ\u00a0| ACI Prensa Vaticano, 29 de noviembre, 2021.- Miles de personas participaron en la concentraci\u00f3n convocada en Madrid (Espa\u00f1a) el domingo 28 de noviembre por la plataforma Cada Vida Importa para defender \u201cla vida de todos en cualquier circunstancia\u201d, en especial despu\u00e9s de la entrada en vigor de la ley de eutanasia, los [&hellip;]<\/p>\n","protected":false},"author":5,"featured_media":312133,"comment_status":"closed","ping_status":"","sticky":true,"template":"","format":"standard","meta":{"footnotes":""},"categories":[23,27],"tags":[],"class_list":["post-312132","post","type-post","status-publish","format-standard","has-post-thumbnail","hentry","category-internacional","category-portada"],"_links":{"self":[{"href":"https:\/\/diariodominicano.com\/index.php?rest_route=\/wp\/v2\/posts\/312132","targetHints":{"allow":["GET"]}}],"collection":[{"href":"https:\/\/diariodominicano.com\/index.php?rest_route=\/wp\/v2\/posts"}],"about":[{"href":"https:\/\/diariodominicano.com\/index.php?rest_route=\/wp\/v2\/types\/post"}],"author":[{"embeddable":true,"href":"https:\/\/diariodominicano.com\/index.php?rest_route=\/wp\/v2\/users\/5"}],"replies":[{"embeddable":true,"href":"https:\/\/diariodominicano.com\/index.php?rest_route=%2Fwp%2Fv2%2Fcomments&post=312132"}],"version-history":[{"count":1,"href":"https:\/\/diariodominicano.com\/index.php?rest_route=\/wp\/v2\/posts\/312132\/revisions"}],"predecessor-version":[{"id":312134,"href":"https:\/\/diariodominicano.com\/index.php?rest_route=\/wp\/v2\/posts\/312132\/revisions\/312134"}],"wp:featuredmedia":[{"embeddable":true,"href":"https:\/\/diariodominicano.com\/index.php?rest_route=\/wp\/v2\/media\/312133"}],"wp:attachment":[{"href":"https:\/\/diariodominicano.com\/index.php?rest_route=%2Fwp%2Fv2%2Fmedia&parent=312132"}],"wp:term":[{"taxonomy":"category","embeddable":true,"href":"https:\/\/diariodominicano.com\/index.php?rest_route=%2Fwp%2Fv2%2Fcategories&post=312132"},{"taxonomy":"post_tag","embeddable":true,"href":"https:\/\/diariodominicano.com\/index.php?rest_route=%2Fwp%2Fv2%2Ftags&post=312132"}],"curies":[{"name":"wp","href":"https:\/\/api.w.org\/{rel}","templated":true}]}}