{"id":312129,"date":"2021-11-29T08:38:45","date_gmt":"2021-11-29T12:38:45","guid":{"rendered":"http:\/\/diariodominicano.com\/?p=312129"},"modified":"2021-11-29T08:38:45","modified_gmt":"2021-11-29T12:38:45","slug":"presidente-abinader-me-siento-orgulloso-de-los-medicos-del-pais-por-su-valentia-y-arrojo","status":"publish","type":"post","link":"https:\/\/diariodominicano.com\/?p=312129","title":{"rendered":"Presidente Abinader: \u00abMe siento orgulloso de los m\u00e9dicos del pa\u00eds por su valent\u00eda y arrojo\u00bb"},"content":{"rendered":"\n<p>diariodominicano.com<\/p>\n\n\n\n<p>Santiago, R. D.,  20 de noviembre, 2021. &#8211; Al presidir el acto de reconocimiento a los m\u00e9dicos que han trabajado en la lucha contra el COVID-19, el presidente Luis Abinader dijo este domingo sentirse orgulloso de los galenos del pa\u00eds por su valent\u00eda, decisi\u00f3n y arrojo. Por eso, manifest\u00f3 que, cuando habla con mandatarios extranjeros, les comenta de la experiencia de los galenos dominicanos y los recomienda para asesorar a m\u00e9dicos de otras naciones.<\/p>\n\n\n\n<p>De su lado, el ministro de Salud, Daniel Rivera destac\u00f3 la visi\u00f3n clara del presidente Abinader al momento de enfrentar el COVID-19. &nbsp;Al respecto asegur\u00f3 que el pa\u00eds, con la compra de todas las vacunas que se han necesitado hasta la fecha, se ha economizado m\u00e1s de 5,000 millones de pesos al no tener que comprar pruebas PCR.<\/p>\n\n\n\n<p>La decisi\u00f3n del mandatario fue determinante para que Rep\u00fablica Dominicana se colocara en los primeros lugares en el mundo por su forma de enfrentar la pandemia.<\/p>\n\n\n\n<p>Mientras que, el director del Servicio Nacional de Salud, Mario Lama, dijo que gracias a la entrega del mandatario se ha hecho posible que la salud en el pa\u00eds sea un derecho a favor de toda la poblaci\u00f3n.<\/p>\n\n\n\n<p>Fuente: Direcci\u00f3n de Estrategia y Comunicaci\u00f3n Gubernamental<\/p>\n\n\n\n<p>Ministerio Administrativo de la Presidencia de la Rep\u00fablica Dominicana<\/p>\n","protected":false},"excerpt":{"rendered":"<p>diariodominicano.com Santiago, R. D., 20 de noviembre, 2021. &#8211; Al presidir el acto de reconocimiento a los m\u00e9dicos que han trabajado en la lucha contra el COVID-19, el presidente Luis Abinader dijo este domingo sentirse orgulloso de los galenos del pa\u00eds por su valent\u00eda, decisi\u00f3n y arrojo. Por eso, manifest\u00f3 que, cuando habla con mandatarios [&hellip;]<\/p>\n","protected":false},"author":5,"featured_media":312130,"comment_status":"closed","ping_status":"","sticky":true,"template":"","format":"standard","meta":{"footnotes":""},"categories":[20,27],"tags":[],"class_list":["post-312129","post","type-post","status-publish","format-standard","has-post-thumbnail","hentry","category-dominicana-hoy","category-portada"],"_links":{"self":[{"href":"https:\/\/diariodominicano.com\/index.php?rest_route=\/wp\/v2\/posts\/312129","targetHints":{"allow":["GET"]}}],"collection":[{"href":"https:\/\/diariodominicano.com\/index.php?rest_route=\/wp\/v2\/posts"}],"about":[{"href":"https:\/\/diariodominicano.com\/index.php?rest_route=\/wp\/v2\/types\/post"}],"author":[{"embeddable":true,"href":"https:\/\/diariodominicano.com\/index.php?rest_route=\/wp\/v2\/users\/5"}],"replies":[{"embeddable":true,"href":"https:\/\/diariodominicano.com\/index.php?rest_route=%2Fwp%2Fv2%2Fcomments&post=312129"}],"version-history":[{"count":1,"href":"https:\/\/diariodominicano.com\/index.php?rest_route=\/wp\/v2\/posts\/312129\/revisions"}],"predecessor-version":[{"id":312131,"href":"https:\/\/diariodominicano.com\/index.php?rest_route=\/wp\/v2\/posts\/312129\/revisions\/312131"}],"wp:featuredmedia":[{"embeddable":true,"href":"https:\/\/diariodominicano.com\/index.php?rest_route=\/wp\/v2\/media\/312130"}],"wp:attachment":[{"href":"https:\/\/diariodominicano.com\/index.php?rest_route=%2Fwp%2Fv2%2Fmedia&parent=312129"}],"wp:term":[{"taxonomy":"category","embeddable":true,"href":"https:\/\/diariodominicano.com\/index.php?rest_route=%2Fwp%2Fv2%2Fcategories&post=312129"},{"taxonomy":"post_tag","embeddable":true,"href":"https:\/\/diariodominicano.com\/index.php?rest_route=%2Fwp%2Fv2%2Ftags&post=312129"}],"curies":[{"name":"wp","href":"https:\/\/api.w.org\/{rel}","templated":true}]}}