{"id":311663,"date":"2021-11-27T18:22:13","date_gmt":"2021-11-27T22:22:13","guid":{"rendered":"http:\/\/diariodominicano.com\/?p=311663"},"modified":"2021-11-27T20:01:55","modified_gmt":"2021-11-28T00:01:55","slug":"ny-seccional-alianza-pais-exige-salida-de-la-belfond-de-barahona","status":"publish","type":"post","link":"https:\/\/diariodominicano.com\/?p=311663","title":{"rendered":"NY- Seccional Alianza Pa\u00eds exige salida de la Belfond de Barahona"},"content":{"rendered":"\n<p>Por Freddy P. Galarza<\/p>\n\n\n\n<p><strong>New York.-<\/strong> La seccional del Partido Alianza Pa\u00eds calific\u00f3 como agresi\u00f3n al medio ambiente la explotaci\u00f3n minera de la empresa extranjera Belfond Enterprice en la loma las Felipinas de Barahona.<\/p>\n\n\n\n<p>Exige del presidente Luis Abinader, rescindir dicho contrato con la empresa como \u00fanica forma de preservar intacto el medio ambiente de la zona y la salud de sus habitantes .<\/p>\n\n\n\n<p>Expone que de la cordillera del Bahoruco emanan todos los rios y afluentes de la regi\u00f3n que proporcionan vida a sus residentes, fauna y flora localizado en esa parte monta\u00f1osa del suroeste.<\/p>\n\n\n\n<figure class=\"wp-block-image size-full\"><img loading=\"lazy\" decoding=\"async\" width=\"460\" height=\"305\" src=\"https:\/\/diariodominicano.com\/wp-content\/uploads\/2021\/11\/foto-hoyo-de-la-minera-belfon.jpg\" alt=\"\" class=\"wp-image-311667\" srcset=\"https:\/\/diariodominicano.com\/wp-content\/uploads\/2021\/11\/foto-hoyo-de-la-minera-belfon.jpg 460w, https:\/\/diariodominicano.com\/wp-content\/uploads\/2021\/11\/foto-hoyo-de-la-minera-belfon-300x199.jpg 300w\" sizes=\"auto, (max-width: 460px) 100vw, 460px\" \/><\/figure>\n\n\n\n<p>\u201c De esa manera no se puede desarrollar un pueblo que ha estado esperando por d\u00e9cadas el vapuleado desarrollo tur\u00eestico, aniquilando su cuenca hidrogr\u00e1fica, zona frutales y cafetalera\u201d, se\u00f1ala la entidad que lidera Guillermo Moreno.<\/p>\n\n\n\n<p>Asimismo, expresa la organizaci\u00f3n pol\u00eetica que las autoridades en vez de velar por la protecci\u00f3n del medio ambiente y los recursos naturales se colocan del lado de la empresa que de seguir explotando esa zona para extraer el carbonado de calcio el da\u00f1o ecol\u00f3gico ser\u00e1 desastroso para la vida de los habitantes de la provincia.<\/p>\n\n\n\n<p>Refiere que los trabajos de la minera&nbsp; afectar\u00e1 m\u00e1s de 20 r\u00edos que tienen su nacimiento en el Bahoruco y tambi\u00e9n el suministro de agua potable a comunidades de la costa haciendo desaparecer&nbsp; la agricultura de peque\u00f1os productores para la subsistencia de las familias de esas localidades.<\/p>\n\n\n\n<p>Sostiene Alianza Pa\u00eds que los barahoneros y residentes en la regi\u00f3n no pueden permitir que extranjeros vengan al pa\u00ees y acabar con \u201cnuestro medio ambiemte\u201d y tratar de comprar a sus dirigentes comunitarios ofernt\u00e1ndoles empleos, d\u00e1divas y haci\u00e9ndose los graciosos para conseguir apoyo .<\/p>\n\n\n\n<p>\u201c Condenamos la acci\u00f3n de los depredadores de la Belfond, y nos unimos al clamor del pueblo de Barahona, para que esa compa\u00f1\u00eea cese sus operaciones en la regi\u00f3n Enriquillo y que el presidente Luis Abinader, eche para atr\u00e1s dicho contrato\u201d, alega la organizaci\u00f3n pol\u00edtica Alianza Pa\u00eds .<\/p>\n\n\n\n<p><a href=\"mailto:freddy.galarza@yahoo.com\" target=\"_blank\" rel=\"noreferrer noopener\">freddy.galarza@yahoo.com<\/a><\/p>\n","protected":false},"excerpt":{"rendered":"<p>Por Freddy P. Galarza New York.- La seccional del Partido Alianza Pa\u00eds calific\u00f3 como agresi\u00f3n al medio ambiente la explotaci\u00f3n minera de la empresa extranjera Belfond Enterprice en la loma las Felipinas de Barahona. Exige del presidente Luis Abinader, rescindir dicho contrato con la empresa como \u00fanica forma de preservar intacto el medio ambiente de [&hellip;]<\/p>\n","protected":false},"author":28,"featured_media":311665,"comment_status":"closed","ping_status":"","sticky":true,"template":"","format":"standard","meta":{"footnotes":""},"categories":[22,27],"tags":[],"class_list":["post-311663","post","type-post","status-publish","format-standard","has-post-thumbnail","hentry","category-politica","category-portada"],"_links":{"self":[{"href":"https:\/\/diariodominicano.com\/index.php?rest_route=\/wp\/v2\/posts\/311663","targetHints":{"allow":["GET"]}}],"collection":[{"href":"https:\/\/diariodominicano.com\/index.php?rest_route=\/wp\/v2\/posts"}],"about":[{"href":"https:\/\/diariodominicano.com\/index.php?rest_route=\/wp\/v2\/types\/post"}],"author":[{"embeddable":true,"href":"https:\/\/diariodominicano.com\/index.php?rest_route=\/wp\/v2\/users\/28"}],"replies":[{"embeddable":true,"href":"https:\/\/diariodominicano.com\/index.php?rest_route=%2Fwp%2Fv2%2Fcomments&post=311663"}],"version-history":[{"count":4,"href":"https:\/\/diariodominicano.com\/index.php?rest_route=\/wp\/v2\/posts\/311663\/revisions"}],"predecessor-version":[{"id":311702,"href":"https:\/\/diariodominicano.com\/index.php?rest_route=\/wp\/v2\/posts\/311663\/revisions\/311702"}],"wp:featuredmedia":[{"embeddable":true,"href":"https:\/\/diariodominicano.com\/index.php?rest_route=\/wp\/v2\/media\/311665"}],"wp:attachment":[{"href":"https:\/\/diariodominicano.com\/index.php?rest_route=%2Fwp%2Fv2%2Fmedia&parent=311663"}],"wp:term":[{"taxonomy":"category","embeddable":true,"href":"https:\/\/diariodominicano.com\/index.php?rest_route=%2Fwp%2Fv2%2Fcategories&post=311663"},{"taxonomy":"post_tag","embeddable":true,"href":"https:\/\/diariodominicano.com\/index.php?rest_route=%2Fwp%2Fv2%2Ftags&post=311663"}],"curies":[{"name":"wp","href":"https:\/\/api.w.org\/{rel}","templated":true}]}}