{"id":311606,"date":"2021-11-27T14:06:17","date_gmt":"2021-11-27T18:06:17","guid":{"rendered":"http:\/\/diariodominicano.com\/?p=311606"},"modified":"2021-11-27T14:06:17","modified_gmt":"2021-11-27T18:06:17","slug":"itsc-gradua-327-nuevos-tecnicos-superiores","status":"publish","type":"post","link":"https:\/\/diariodominicano.com\/?p=311606","title":{"rendered":"ITSC grad\u00faa 327 nuevos t\u00e9cnicos superiores"},"content":{"rendered":"\n<p><\/p>\n\n\n\n<figure class=\"wp-block-image size-large\"><img loading=\"lazy\" decoding=\"async\" width=\"1024\" height=\"474\" src=\"https:\/\/diariodominicano.com\/wp-content\/uploads\/2021\/11\/G1-1-1024x474.jpg\" alt=\"\" class=\"wp-image-311608\" srcset=\"https:\/\/diariodominicano.com\/wp-content\/uploads\/2021\/11\/G1-1-1024x474.jpg 1024w, https:\/\/diariodominicano.com\/wp-content\/uploads\/2021\/11\/G1-1-300x139.jpg 300w, https:\/\/diariodominicano.com\/wp-content\/uploads\/2021\/11\/G1-1-768x355.jpg 768w, https:\/\/diariodominicano.com\/wp-content\/uploads\/2021\/11\/G1-1-816x377.jpg 816w, https:\/\/diariodominicano.com\/wp-content\/uploads\/2021\/11\/G1-1.jpg 1280w\" sizes=\"auto, (max-width: 1024px) 100vw, 1024px\" \/><\/figure>\n\n\n\n<p><strong>El doctor  Franklin Garc\u00eda, ministro  de Educaci\u00f3n Superior, Ciencia y Tecnolog\u00eda (MESCyT),\u00a0Mtro. Francisco Vegazo Ram\u00edrez, rector ITSC, Dra. Maritza Contreras, vicerrectora Administrativa y Financiera, Pablo Valdez, vicerrector Administrativo de la Universidad Aut\u00f3noma de Santo Domingo (UASD), Lic. Carlos Mendieta, vicerrector Acad\u00e9mico; soci\u00f3logo Rafael Feliz, vicerrector de Extensi\u00f3n y Vinculaci\u00f3n con la Comunidad y Sectores Productivos; Ing. Edwin Salazar, director de Homologaci\u00f3n y Curr\u00edculum; Lda. Carolyn Feliz, directora Acad\u00e9mica y el Lic. \u00c1ngel Inoa, director de Planificaci\u00f3n. <\/strong><\/p>\n\n\n\n<p><strong>Distrito Nacional, R.D.<\/strong>&nbsp;El Instituto T\u00e9cnico Superior Comunitario (ITSC), celebr\u00f3 su D\u00e9cimo Primera Graduaci\u00f3n Ordinaria, en el Aula Magna de la Universidad Aut\u00f3noma de Santo Domingo (UASD), donde fueron investidos 327 nuevos t\u00e9cnicos superiores, en las diferentes carreras que ofrece este importante centro acad\u00e9mico.<\/p>\n\n\n\n<figure class=\"wp-block-image size-large\"><img loading=\"lazy\" decoding=\"async\" width=\"1024\" height=\"682\" src=\"https:\/\/diariodominicano.com\/wp-content\/uploads\/2021\/11\/G3-1024x682.jpg\" alt=\"\" class=\"wp-image-311609\" srcset=\"https:\/\/diariodominicano.com\/wp-content\/uploads\/2021\/11\/G3-1024x682.jpg 1024w, https:\/\/diariodominicano.com\/wp-content\/uploads\/2021\/11\/G3-300x200.jpg 300w, https:\/\/diariodominicano.com\/wp-content\/uploads\/2021\/11\/G3-768x512.jpg 768w, https:\/\/diariodominicano.com\/wp-content\/uploads\/2021\/11\/G3-816x544.jpg 816w, https:\/\/diariodominicano.com\/wp-content\/uploads\/2021\/11\/G3.jpg 1280w\" sizes=\"auto, (max-width: 1024px) 100vw, 1024px\" \/><\/figure>\n\n\n\n<p>Al pronunciar su discurso, el rector del ITSC Mtro. Francisco Vegazo Ram\u00edrez, extern\u00f3 unas palabras de motivaci\u00f3n a los estudiantes: \u201cEste es un d\u00eda de felicidad, regocijo y esperanza. Hoy, ustedes graduandos, vislumbran un futuro m\u00e1s prometedor. Han sabido sortear situaciones de distintas naturalezas, supieron sobreponerse a cada una de ellas con esfuerzo, sacrificio, entereza y constancia. Hoy, culminan con \u00e9xito ese gran paso en sus vidas\u201d.<\/p>\n\n\n\n<p>De igual manera, la autoridad educativa felicit\u00f3 el hecho de que \u201ca\u00fan por encima de las adversidades y perjuicios del impacto negativo de la pandemia del COVID-19, de la cual no escapa nuestro pa\u00eds, ustedes han mantenido en alto el reto asumido de permanecer tras la b\u00fasqueda de su objetivo principal, que es la feliz culminaci\u00f3n de esta etapa de su vida profesional\u201d.&nbsp;<\/p>\n\n\n\n<figure class=\"wp-block-image size-large\"><img loading=\"lazy\" decoding=\"async\" width=\"1024\" height=\"682\" src=\"https:\/\/diariodominicano.com\/wp-content\/uploads\/2021\/11\/G5-1024x682.jpg\" alt=\"\" class=\"wp-image-311610\" srcset=\"https:\/\/diariodominicano.com\/wp-content\/uploads\/2021\/11\/G5-1024x682.jpg 1024w, https:\/\/diariodominicano.com\/wp-content\/uploads\/2021\/11\/G5-300x200.jpg 300w, https:\/\/diariodominicano.com\/wp-content\/uploads\/2021\/11\/G5-768x512.jpg 768w, https:\/\/diariodominicano.com\/wp-content\/uploads\/2021\/11\/G5-816x544.jpg 816w, https:\/\/diariodominicano.com\/wp-content\/uploads\/2021\/11\/G5.jpg 1280w\" sizes=\"auto, (max-width: 1024px) 100vw, 1024px\" \/><\/figure>\n\n\n\n<p>En ese mismo tenor, Vegazo coment\u00f3 que la realidad de la pandemia nos obliga a realizar los cambios imprescindibles para avanzar como seres humanos, como el colectivo que somos. \u201cPor lo tanto, deben enfrentarla sin temor, porque tienen ustedes las herramientas necesarias para sacar adelante nuestro pa\u00eds y hacer posible la vida en un mundo nuevo, en una realidad totalmente diferente a la que conocimos hasta hace casi dos a\u00f1os\u201d.<\/p>\n\n\n\n<p>De su lado, el Dr.&nbsp; Franklin Garc\u00eda, titular del Ministerio de Educaci\u00f3n, Ciencia y Tecnolog\u00eda (MESCyT), felicit\u00f3 al ITSC \u00bb por sus valiosos aportes a Santo Domingo Este y comunidades aleda\u00f1as, empoderando a los j\u00f3venes de escasos recursos econ\u00f3micos y siempre apostando a la excelencia\u00bb.<\/p>\n\n\n\n<figure class=\"wp-block-image size-large\"><img loading=\"lazy\" decoding=\"async\" width=\"1024\" height=\"682\" src=\"https:\/\/diariodominicano.com\/wp-content\/uploads\/2021\/11\/G2-1024x682.jpg\" alt=\"\" class=\"wp-image-311611\" srcset=\"https:\/\/diariodominicano.com\/wp-content\/uploads\/2021\/11\/G2-1024x682.jpg 1024w, https:\/\/diariodominicano.com\/wp-content\/uploads\/2021\/11\/G2-300x200.jpg 300w, https:\/\/diariodominicano.com\/wp-content\/uploads\/2021\/11\/G2-768x512.jpg 768w, https:\/\/diariodominicano.com\/wp-content\/uploads\/2021\/11\/G2-816x544.jpg 816w, https:\/\/diariodominicano.com\/wp-content\/uploads\/2021\/11\/G2.jpg 1280w\" sizes=\"auto, (max-width: 1024px) 100vw, 1024px\" \/><\/figure>\n\n\n\n<p>En nombre de los estudiantes habl\u00f3 Marilyn Valdez Familia, de la carrera T\u00e9cnico Superior en empresas Intermediaci\u00f3n Tur\u00edstica, por ser la graduada que alcanz\u00f3 el mayor honor acad\u00e9mico y quien agradeci\u00f3 al ITSC por la oportunidad de ser \u201cparte de una comunidad tan maravillosa, donde cada uno llevar\u00e1 consigo esa lecci\u00f3n de humildad, de pertenencia y de respeto con las cuales nuestros profesores nos guiaron hasta este momento\u201d.<\/p>\n\n\n\n<p>En la lucida actividad tambi\u00e9n tuvieron participaci\u00f3n la Dra. Maritza Contreras, vicerrectora Administrativa y Financiera, Lic. Carlos Mendieta, vicerrector Acad\u00e9mico; y el soci\u00f3logo Rafael Feliz, vicerrector de Extensi\u00f3n y Vinculaci\u00f3n con la Comunidad y Sectores productivos.<\/p>\n\n\n\n<figure class=\"wp-block-image size-large\"><img loading=\"lazy\" decoding=\"async\" width=\"1024\" height=\"682\" src=\"https:\/\/diariodominicano.com\/wp-content\/uploads\/2021\/11\/G4-1024x682.jpg\" alt=\"\" class=\"wp-image-311612\" srcset=\"https:\/\/diariodominicano.com\/wp-content\/uploads\/2021\/11\/G4-1024x682.jpg 1024w, https:\/\/diariodominicano.com\/wp-content\/uploads\/2021\/11\/G4-300x200.jpg 300w, https:\/\/diariodominicano.com\/wp-content\/uploads\/2021\/11\/G4-768x512.jpg 768w, https:\/\/diariodominicano.com\/wp-content\/uploads\/2021\/11\/G4-816x544.jpg 816w, https:\/\/diariodominicano.com\/wp-content\/uploads\/2021\/11\/G4.jpg 1280w\" sizes=\"auto, (max-width: 1024px) 100vw, 1024px\" \/><\/figure>\n\n\n\n<p>Por igual, el Ing. Edwin Salazar, director de Homologaci\u00f3n y Curr\u00edculum, Lcda. Carolyn Feliz, directora Acad\u00e9mica, Lic. \u00c1ngel Inoa, director de Planificaci\u00f3n y los coordinadores de carrera del ITSC.<\/p>\n\n\n\n<p>Como invitados especiales estuvieron presentes la Dra. Julia Drullard de Jim\u00e9nez, gobernadora de la provincia de Santo Domingo, Pablo Valdez, vicerrector Administrativo de la Universidad Aut\u00f3noma de Santo Domingo (UASD), Dra. Rosal\u00eda Sosa, vicedecana del Departamento de Ciencias Jur\u00eddicas y pol\u00edtica de la UASD, Mercedes Matrill\u00e9, especialista en Educaci\u00f3n T\u00e9cnica Permanente de USAID y Porfirio Peralta, director del Programa Especial de Apoyo Financiero a la micro y peque\u00f1a empresa&nbsp; (PROMIPYME).<\/p>\n\n\n\n<p>Asimismo, N\u00e9stor Mateo, representante del Acuario Nacional y Henry V\u00e1squez, sub director del programa Sup\u00e9rate, en representaci\u00f3n de Gloria Reyes, titular de dicha entidad.<\/p>\n\n\n\n<p>A la fecha la instituci\u00f3n ha entregado a la sociedad dominicana 4,277 profesionales en las 26 carreras que ofrece, con las competencias necesarias para contribuir al crecimiento econ\u00f3mico y social de la naci\u00f3n.<\/p>\n\n\n\n<p><strong>Tyrone Dotel<\/strong>\u00a0&lt;tyronedotel@yahoo.com><\/p>\n","protected":false},"excerpt":{"rendered":"<p>El doctor Franklin Garc\u00eda, ministro de Educaci\u00f3n Superior, Ciencia y Tecnolog\u00eda (MESCyT),\u00a0Mtro. Francisco Vegazo Ram\u00edrez, rector ITSC, Dra. Maritza Contreras, vicerrectora Administrativa y Financiera, Pablo Valdez, vicerrector Administrativo de la Universidad Aut\u00f3noma de Santo Domingo (UASD), Lic. Carlos Mendieta, vicerrector Acad\u00e9mico; soci\u00f3logo Rafael Feliz, vicerrector de Extensi\u00f3n y Vinculaci\u00f3n con la Comunidad y Sectores Productivos; [&hellip;]<\/p>\n","protected":false},"author":28,"featured_media":0,"comment_status":"closed","ping_status":"","sticky":true,"template":"","format":"standard","meta":{"footnotes":""},"categories":[20,27],"tags":[],"class_list":["post-311606","post","type-post","status-publish","format-standard","hentry","category-dominicana-hoy","category-portada"],"_links":{"self":[{"href":"https:\/\/diariodominicano.com\/index.php?rest_route=\/wp\/v2\/posts\/311606","targetHints":{"allow":["GET"]}}],"collection":[{"href":"https:\/\/diariodominicano.com\/index.php?rest_route=\/wp\/v2\/posts"}],"about":[{"href":"https:\/\/diariodominicano.com\/index.php?rest_route=\/wp\/v2\/types\/post"}],"author":[{"embeddable":true,"href":"https:\/\/diariodominicano.com\/index.php?rest_route=\/wp\/v2\/users\/28"}],"replies":[{"embeddable":true,"href":"https:\/\/diariodominicano.com\/index.php?rest_route=%2Fwp%2Fv2%2Fcomments&post=311606"}],"version-history":[{"count":1,"href":"https:\/\/diariodominicano.com\/index.php?rest_route=\/wp\/v2\/posts\/311606\/revisions"}],"predecessor-version":[{"id":311613,"href":"https:\/\/diariodominicano.com\/index.php?rest_route=\/wp\/v2\/posts\/311606\/revisions\/311613"}],"wp:attachment":[{"href":"https:\/\/diariodominicano.com\/index.php?rest_route=%2Fwp%2Fv2%2Fmedia&parent=311606"}],"wp:term":[{"taxonomy":"category","embeddable":true,"href":"https:\/\/diariodominicano.com\/index.php?rest_route=%2Fwp%2Fv2%2Fcategories&post=311606"},{"taxonomy":"post_tag","embeddable":true,"href":"https:\/\/diariodominicano.com\/index.php?rest_route=%2Fwp%2Fv2%2Ftags&post=311606"}],"curies":[{"name":"wp","href":"https:\/\/api.w.org\/{rel}","templated":true}]}}