{"id":311597,"date":"2021-11-27T13:45:44","date_gmt":"2021-11-27T17:45:44","guid":{"rendered":"http:\/\/diariodominicano.com\/?p=311597"},"modified":"2021-11-27T13:55:14","modified_gmt":"2021-11-27T17:55:14","slug":"ministerio-de-la-mujer-presenta-coleccion-desmontando-estereotipos-caminando-hacia-la-igualdad","status":"publish","type":"post","link":"https:\/\/diariodominicano.com\/?p=311597","title":{"rendered":"Ministerio de la Mujer presenta colecci\u00f3n \u201cDesmontando Estereotipos, Caminando hacia la Igualdad\u201d"},"content":{"rendered":"\n<figure class=\"wp-block-image size-full\"><img loading=\"lazy\" decoding=\"async\" width=\"1024\" height=\"684\" src=\"https:\/\/diariodominicano.com\/wp-content\/uploads\/2021\/11\/WhatsApp-Image-2021-11-26-at-9.22.53-AM.jpeg\" alt=\"\" class=\"wp-image-311598\" srcset=\"https:\/\/diariodominicano.com\/wp-content\/uploads\/2021\/11\/WhatsApp-Image-2021-11-26-at-9.22.53-AM.jpeg 1024w, https:\/\/diariodominicano.com\/wp-content\/uploads\/2021\/11\/WhatsApp-Image-2021-11-26-at-9.22.53-AM-300x200.jpeg 300w, https:\/\/diariodominicano.com\/wp-content\/uploads\/2021\/11\/WhatsApp-Image-2021-11-26-at-9.22.53-AM-768x513.jpeg 768w, https:\/\/diariodominicano.com\/wp-content\/uploads\/2021\/11\/WhatsApp-Image-2021-11-26-at-9.22.53-AM-816x545.jpeg 816w\" sizes=\"auto, (max-width: 1024px) 100vw, 1024px\" \/><\/figure>\n\n\n\n<p><br>\u00a0<strong>Ministra de la Mujer Mayra Jim\u00e9nez, Fafa Taveras y estatua viviente; representaci\u00f3n de Magalis Pineda, mujer destacada parte de la colecci\u00f3n\u00a0\u00abDesmontando Estereotipos Caminando hacia la Igualdad\u00bb.<\/strong><\/p>\n\n\n\n<p><strong>Santo Domingo.\u00a0-Ministerio de la\u00a0Mujer present\u00f3\u00a0la primera entrega de la colecci\u00f3n infantil\u00a0\u201cDesmontando Estereotipos, Caminando hacia la Igualdad\u201d,\u00a0un material did\u00e1ctico que\u00a0busca\u00a0deconstruir\u00a0la\u00a0cultura\u00a0que asigna un\u00a0rol\u00a0subordinado\u00a0a\u00a0la mujer en la sociedad\u00a0a trav\u00e9s de\u00a0leer, colorear, recortar mariquitas y armar un rompecabezas.\u00a0\u00a0<\/strong><\/p>\n\n\n\n<p><strong><br>La serie, que hoy se pone a disposici\u00f3n del p\u00fablico,\u00a0se enmarca en la\u00a0campa\u00f1a Vivir sin Violencia ES POSIBLE,\u00a0enfocada en el eje de la de la sensibilizaci\u00f3n y\u00a0formaci\u00f3n\u00a0para la construcci\u00f3n\u00a0de una cultura de paz\u00a0e igualdad\u00a0entre mujeres y hombres.<\/strong><\/p>\n\n\n\n<figure class=\"wp-block-image size-large\"><img loading=\"lazy\" decoding=\"async\" width=\"1024\" height=\"684\" src=\"https:\/\/diariodominicano.com\/wp-content\/uploads\/2021\/11\/WhatsApp-Image-2021-11-26-at-9.18.34-AM-1024x684.jpeg\" alt=\"\" class=\"wp-image-311599\" srcset=\"https:\/\/diariodominicano.com\/wp-content\/uploads\/2021\/11\/WhatsApp-Image-2021-11-26-at-9.18.34-AM-1024x684.jpeg 1024w, https:\/\/diariodominicano.com\/wp-content\/uploads\/2021\/11\/WhatsApp-Image-2021-11-26-at-9.18.34-AM-300x200.jpeg 300w, https:\/\/diariodominicano.com\/wp-content\/uploads\/2021\/11\/WhatsApp-Image-2021-11-26-at-9.18.34-AM-768x513.jpeg 768w, https:\/\/diariodominicano.com\/wp-content\/uploads\/2021\/11\/WhatsApp-Image-2021-11-26-at-9.18.34-AM-816x545.jpeg 816w, https:\/\/diariodominicano.com\/wp-content\/uploads\/2021\/11\/WhatsApp-Image-2021-11-26-at-9.18.34-AM.jpeg 1280w\" sizes=\"auto, (max-width: 1024px) 100vw, 1024px\" \/><\/figure>\n\n\n\n<p><strong>\u00a0 Presentaci\u00f3n de la colecci\u00f3n\u00a0<strong>\u201cDesmontando Estereotipos, Caminando hacia la Igualdad\u201d. <\/strong><\/strong><\/p>\n\n\n\n<p><strong><strong>Ministra de la Mujer, Mayra Jim\u00e9nez<\/strong> La misma,\u00a0contiene un libro de cuentos titulado \u201cTres cuentos sobre la vida\u201d,\u00a0y un libro de colorear donde se abordan temas de discriminaci\u00f3n, inclusi\u00f3n, violencia y fomento de la equidad en la divisi\u00f3n del trabajo en el hogar y de las relaciones desde el respeto y el reconocimiento de los derechos de todas las personas, llamado\u00a0\u201cLa casa es responsabilidad de todas las personas\u201d.\u00a0\u00a0<\/strong><\/p>\n\n\n\n<p><\/p>\n\n\n\n<p><strong><br>Este material tambi\u00e9n\u00a0contiene un rompecabezas con nombres de destacadas mujeres sufragistas dominicanas,\u00a0como Aida Cartagena\u00a0Portalat\u00edn, Petronila G\u00f3mez, Ercilia Pep\u00edn, Delia Weber, Abigail Mej\u00eda, Evangelina Rodr\u00edguez, Celeste\u00a0Woss\u00a0y Gil, y Abigail\u00a0Goiscou.\u00a0<\/strong><\/p>\n\n\n\n<figure class=\"wp-block-image size-large\"><img loading=\"lazy\" decoding=\"async\" width=\"1024\" height=\"684\" src=\"https:\/\/diariodominicano.com\/wp-content\/uploads\/2021\/11\/WhatsApp-Image-2021-11-26-at-10.23.55-AM-1024x684.jpeg\" alt=\"\" class=\"wp-image-311600\" srcset=\"https:\/\/diariodominicano.com\/wp-content\/uploads\/2021\/11\/WhatsApp-Image-2021-11-26-at-10.23.55-AM-1024x684.jpeg 1024w, https:\/\/diariodominicano.com\/wp-content\/uploads\/2021\/11\/WhatsApp-Image-2021-11-26-at-10.23.55-AM-300x200.jpeg 300w, https:\/\/diariodominicano.com\/wp-content\/uploads\/2021\/11\/WhatsApp-Image-2021-11-26-at-10.23.55-AM-768x513.jpeg 768w, https:\/\/diariodominicano.com\/wp-content\/uploads\/2021\/11\/WhatsApp-Image-2021-11-26-at-10.23.55-AM-816x545.jpeg 816w, https:\/\/diariodominicano.com\/wp-content\/uploads\/2021\/11\/WhatsApp-Image-2021-11-26-at-10.23.55-AM.jpeg 1280w\" sizes=\"auto, (max-width: 1024px) 100vw, 1024px\" \/><\/figure>\n\n\n\n<p><strong>Ministra de la Mujer Mayra Jim\u00e9nez entrega kit a ni\u00f1os de la\u00a0\u201cDesmontando Estereotipos, Caminando hacia la Igualdad\u201d<\/strong><\/p>\n\n\n\n<p><strong>Tambi\u00e9n mariquitas con figuras emblem\u00e1ticas como Magaly Pineda, Yolanda Guzm\u00e1n, Ariana Vargas, Ivelisse Prats Ram\u00edrez,\u00a0Piky\u00a0Lora, y Gladys\u00a0Guti\u00e9rrez,\u00a0con\u00a0las\u00a0que\u00a0ni\u00f1as y ni\u00f1os interactuar\u00e1n de una manera divertida, entendiendo la importancia de integrar a su referente hist\u00f3rico, la vida de las mujeres que han sido invisibilizadas.\u00a0<\/strong><\/p>\n\n\n\n<p><strong><br>La ministra de la Mujer, Mayra Jim\u00e9nez, en sus palabras de apertura, dijo sentirse orgullosa en presentar la primera de una serie de entregas\u00a0de una\u00a0colecci\u00f3n pensada para incidir en la educaci\u00f3n de las ni\u00f1as, ni\u00f1os y adolescentes en la construcci\u00f3n de una sociedad donde todas las personas puedan ejercer sus derechos en libertad, libre de violencia, discriminaci\u00f3n y subordinaci\u00f3n.\u00a0<\/strong><\/p>\n\n\n\n<p><strong>\u201cEsta\u00a0fecha tan importante que hoy\u00a0nos\u00a0convoca, en la que se conmemora internacionalmente la eliminaci\u00f3n de la violencia contra la mujer, nos pareci\u00f3 oportuna la entrega de la colecci\u00f3n\u00a0\u201cDesmontando Estereotipos, Caminando hacia la Igualdad\u201d\u00a0a la poblaci\u00f3n,\u00a0y\u00a0de manera\u00a0especial a nuestras ni\u00f1as y ni\u00f1os,\u00a0con\u00a0materiales que promueven\u00a0una vida libre de\u00a0violencia\u201d.\u00a0\u00a0<\/strong><\/p>\n\n\n\n<p><strong>\u00a0Asimismo, dijo que\u00a0la desconstrucci\u00f3n de los imaginarios que construyen a seres humanos como superiores incluye un trabajo con la infancia y que trabajar\u00a0con\u00a0\u00e9sta, permite\u00a0caminar con un destino m\u00e1s cierto hacia la igualdad.\u00a0<br>Yildalina\u00a0Tatem\u00a0Brache\u00a0se\u00f1al\u00f3\u00a0que\u00a0\u201cla\u00a0colecci\u00f3n aborda de forma concreta\u00a0c\u00f3mo\u00a0se puede\u00a0pasar de la igualdad formal a la igualdad real, para que\u00a0el\u00a0discurso de las\u00a0convenciones\u00a0internacionales de\u00a0derechos\u00a0humanos y\u00a0de\u00a0la Constituci\u00f3n\u00a0Nacional\u00a0\u00a0se\u00a0acompa\u00f1e\u00a0de la\u00a0acci\u00f3n\u00a0cotidiana\u00a0y\u00a0convertir en un hecho el postulado de que todas las personas tienen los mismos derechos.\u00a0Lo que significa que deben tener las mismas oportunidades\u201d, expres\u00f3.\u00a0\u00a0<\/strong><\/p>\n\n\n\n<p><strong><br>La\u00a0colecci\u00f3n did\u00e1ctica\u00a0\u201cDesmontando Estereotipos, Caminando hacia la Igualdad\u201d,\u00a0es una publicaci\u00f3n del Ministerio de la Mujer, bajo la producci\u00f3n de la Direcci\u00f3n de Educaci\u00f3n\u00a0en G\u00e9nero,\u00a0a cargo de su directora\u00a0Yildalina\u00a0Tatem\u00a0Brache\u00a0quien adem\u00e1s es la autora de los cuentos de la colecci\u00f3n;\u00a0asimismo, cont\u00f3 con la\u00a0colaboraci\u00f3n de\u00a0la encargada de Documentaci\u00f3n\u00a0e Informaci\u00f3n de G\u00e9nero,\u00a0Ivanna Molina y\u00a0la directora de Comunicaciones,\u00a0Carolina Acu\u00f1a,\u00a0quienes tuvieron a su cargo la correcci\u00f3n\u00a0de los textos, y\u00a0Lorena Espinoza Pe\u00f1a, dise\u00f1adora de la colecci\u00f3n.\u00a0<\/strong><\/p>\n\n\n\n<p><strong><br>\u201cDesmontando Estereotipos, Caminando hacia la Igualdad\u201d\u00a0es un valioso\u00a0aporte a una educaci\u00f3n inclusiva, que se alimentar\u00e1 con una entrega anual de materiales,\u00a0que se ir\u00e1n sumando a la colecci\u00f3n y contribuir\u00e1n\u00a0a la formaci\u00f3n\u00a0educativa\u00a0necesaria para la plena igualdad de las mujeres, ni\u00f1as y adolescentes del pa\u00eds.\u00a0\u00a0<\/strong><\/p>\n\n\n\n<p><strong>Yajahira Perez<\/strong>\u00a0&lt;Yajahira.Perez@mujer.gob.do><\/p>\n","protected":false},"excerpt":{"rendered":"<p>\u00a0Ministra de la Mujer Mayra Jim\u00e9nez, Fafa Taveras y estatua viviente; representaci\u00f3n de Magalis Pineda, mujer destacada parte de la colecci\u00f3n\u00a0\u00abDesmontando Estereotipos Caminando hacia la Igualdad\u00bb. Santo Domingo.\u00a0-Ministerio de la\u00a0Mujer present\u00f3\u00a0la primera entrega de la colecci\u00f3n infantil\u00a0\u201cDesmontando Estereotipos, Caminando hacia la Igualdad\u201d,\u00a0un material did\u00e1ctico que\u00a0busca\u00a0deconstruir\u00a0la\u00a0cultura\u00a0que asigna un\u00a0rol\u00a0subordinado\u00a0a\u00a0la mujer en la sociedad\u00a0a trav\u00e9s de\u00a0leer, colorear, recortar [&hellip;]<\/p>\n","protected":false},"author":28,"featured_media":0,"comment_status":"closed","ping_status":"","sticky":true,"template":"","format":"standard","meta":{"footnotes":""},"categories":[25,27],"tags":[],"class_list":["post-311597","post","type-post","status-publish","format-standard","hentry","category-gente","category-portada"],"_links":{"self":[{"href":"https:\/\/diariodominicano.com\/index.php?rest_route=\/wp\/v2\/posts\/311597","targetHints":{"allow":["GET"]}}],"collection":[{"href":"https:\/\/diariodominicano.com\/index.php?rest_route=\/wp\/v2\/posts"}],"about":[{"href":"https:\/\/diariodominicano.com\/index.php?rest_route=\/wp\/v2\/types\/post"}],"author":[{"embeddable":true,"href":"https:\/\/diariodominicano.com\/index.php?rest_route=\/wp\/v2\/users\/28"}],"replies":[{"embeddable":true,"href":"https:\/\/diariodominicano.com\/index.php?rest_route=%2Fwp%2Fv2%2Fcomments&post=311597"}],"version-history":[{"count":5,"href":"https:\/\/diariodominicano.com\/index.php?rest_route=\/wp\/v2\/posts\/311597\/revisions"}],"predecessor-version":[{"id":311605,"href":"https:\/\/diariodominicano.com\/index.php?rest_route=\/wp\/v2\/posts\/311597\/revisions\/311605"}],"wp:attachment":[{"href":"https:\/\/diariodominicano.com\/index.php?rest_route=%2Fwp%2Fv2%2Fmedia&parent=311597"}],"wp:term":[{"taxonomy":"category","embeddable":true,"href":"https:\/\/diariodominicano.com\/index.php?rest_route=%2Fwp%2Fv2%2Fcategories&post=311597"},{"taxonomy":"post_tag","embeddable":true,"href":"https:\/\/diariodominicano.com\/index.php?rest_route=%2Fwp%2Fv2%2Ftags&post=311597"}],"curies":[{"name":"wp","href":"https:\/\/api.w.org\/{rel}","templated":true}]}}