{"id":311593,"date":"2021-11-27T12:08:22","date_gmt":"2021-11-27T16:08:22","guid":{"rendered":"http:\/\/diariodominicano.com\/?p=311593"},"modified":"2021-11-27T12:08:22","modified_gmt":"2021-11-27T16:08:22","slug":"militares-retirados-engalanan-tradicional-ceremonia-de-izada-de-banderas-2","status":"publish","type":"post","link":"https:\/\/diariodominicano.com\/?p=311593","title":{"rendered":"Militares retirados engalanan tradicional ceremonia de izada de banderas"},"content":{"rendered":"\n<p>diariodominicano.com<\/p>\n\n\n\n<p>Santo Domingo, R. D., 27 de noviembre, 2021.-  Una comisi\u00f3n de oficiales retirados de las Fuerzas Armadas y de la Polic\u00eda Nacional protagoniz\u00f3, en compa\u00f1\u00eda del Ministro de Defensa, teniente general Carlos Luciano D\u00edaz Morfa, ERD., la tradicional ceremonia de izada de banderas en homenaje al s\u00edmbolo m\u00e1s sagrado de la identidad patri\u00f3tica, la bandera nacional.<\/p>\n\n\n\n<p>En la emblem\u00e1tica ceremonia participaron veteranos como el mayor general Eufemio Torres Mej\u00eda, ERD, comandante del Comando Conjunto de la Reserva de las Fuerzas Armadas; el mayor general Rafael Betances Nivar, FARD, presidente del Instituto de Generales y Almirantes de las Fuerzas Armadas en Retiro (IGAFAR); el mayor general Jos\u00e9 Ram\u00f3n L\u00f3pez Peralta, ERD, presidente de la Hermandad de Pensionados de las FF.AA., y la P.N., y el general de Brigada Mariano Mad\u00e9 Ram\u00edrez, comandante de la Reserva Policial.<\/p>\n\n\n\n<p>Junto al alto mando militar y los oficiales en la honrosa condici\u00f3n de retiro igualmente estuvieron el presidente y parte del personal t\u00e9cnico y administrativo de la Junta de Retiro y Fondo de Pensiones de las FF.AA. (JRFPFFAA), de la Comisi\u00f3n Permanente para la Reforma y Modernizaci\u00f3n de las FF.AA. (COPREMFA) y de las tres Escuelas de Graduados del Instituto Superior para la Defensa General Juan Pablo Duarte y D\u00edez (INSUDE), con sede en el recinto central del MIDE.<\/p>\n\n\n\n<p>La actividad se realiz\u00f3 en el frontispicio del MIDE, con el acompa\u00f1amiento de las tropas dirigidas por el comandante del Regimiento Guardia de Honor y la Banda de m\u00fasicos de la instituci\u00f3n. La misma est\u00e1 motivada por el inter\u00e9s del alto mando militar de rescatar las tradiciones militares que rinden homenaje a los sacrificios realizados por los hombres y mujeres que han luchado por la defensa y soberan\u00eda de la naci\u00f3n.<\/p>\n\n\n\n<p>\u201cEs un honor para nosotros estar acompa\u00f1ados de estos honorables hombres que han entregado sus vidas de manera desinteresada al servicio de la Patria\u201d, manifest\u00f3 el titular del MIDE al finalizar el acto; luego procedi\u00f3 a saludar a cada uno de los participantes especiales.<\/p>\n\n\n\n<p>Fuente: Direcci\u00f3n de Estrategia y Comunicaci\u00f3n Gubernamental<\/p>\n\n\n\n<p>Ministerio Administrativo de la Presidencia de la Rep\u00fablica Dominicana<\/p>\n","protected":false},"excerpt":{"rendered":"<p>diariodominicano.com Santo Domingo, R. D., 27 de noviembre, 2021.- Una comisi\u00f3n de oficiales retirados de las Fuerzas Armadas y de la Polic\u00eda Nacional protagoniz\u00f3, en compa\u00f1\u00eda del Ministro de Defensa, teniente general Carlos Luciano D\u00edaz Morfa, ERD., la tradicional ceremonia de izada de banderas en homenaje al s\u00edmbolo m\u00e1s sagrado de la identidad patri\u00f3tica, la [&hellip;]<\/p>\n","protected":false},"author":5,"featured_media":311594,"comment_status":"closed","ping_status":"","sticky":true,"template":"","format":"standard","meta":{"footnotes":""},"categories":[20,27],"tags":[],"class_list":["post-311593","post","type-post","status-publish","format-standard","has-post-thumbnail","hentry","category-dominicana-hoy","category-portada"],"_links":{"self":[{"href":"https:\/\/diariodominicano.com\/index.php?rest_route=\/wp\/v2\/posts\/311593","targetHints":{"allow":["GET"]}}],"collection":[{"href":"https:\/\/diariodominicano.com\/index.php?rest_route=\/wp\/v2\/posts"}],"about":[{"href":"https:\/\/diariodominicano.com\/index.php?rest_route=\/wp\/v2\/types\/post"}],"author":[{"embeddable":true,"href":"https:\/\/diariodominicano.com\/index.php?rest_route=\/wp\/v2\/users\/5"}],"replies":[{"embeddable":true,"href":"https:\/\/diariodominicano.com\/index.php?rest_route=%2Fwp%2Fv2%2Fcomments&post=311593"}],"version-history":[{"count":1,"href":"https:\/\/diariodominicano.com\/index.php?rest_route=\/wp\/v2\/posts\/311593\/revisions"}],"predecessor-version":[{"id":311595,"href":"https:\/\/diariodominicano.com\/index.php?rest_route=\/wp\/v2\/posts\/311593\/revisions\/311595"}],"wp:featuredmedia":[{"embeddable":true,"href":"https:\/\/diariodominicano.com\/index.php?rest_route=\/wp\/v2\/media\/311594"}],"wp:attachment":[{"href":"https:\/\/diariodominicano.com\/index.php?rest_route=%2Fwp%2Fv2%2Fmedia&parent=311593"}],"wp:term":[{"taxonomy":"category","embeddable":true,"href":"https:\/\/diariodominicano.com\/index.php?rest_route=%2Fwp%2Fv2%2Fcategories&post=311593"},{"taxonomy":"post_tag","embeddable":true,"href":"https:\/\/diariodominicano.com\/index.php?rest_route=%2Fwp%2Fv2%2Ftags&post=311593"}],"curies":[{"name":"wp","href":"https:\/\/api.w.org\/{rel}","templated":true}]}}