{"id":311590,"date":"2021-11-27T12:04:49","date_gmt":"2021-11-27T16:04:49","guid":{"rendered":"http:\/\/diariodominicano.com\/?p=311590"},"modified":"2021-11-27T12:04:49","modified_gmt":"2021-11-27T16:04:49","slug":"policia-dispara-gases-lacrimogenos-para-dispersar-a-manifestantes-en-uagadugu-africa","status":"publish","type":"post","link":"https:\/\/diariodominicano.com\/?p=311590","title":{"rendered":"Polic\u00eda dispara gases lacrim\u00f3genos para dispersar a manifestantes en Uagadug\u00fa, \u00c1frica"},"content":{"rendered":"\n<p>diariodominicano.com<a rel=\"noreferrer noopener\" href=\"https:\/\/www.xinhua-news.com\/gdsdetailxhs\/share\/10657931-?pageflag=iframe\" target=\"_blank\"><\/a><\/p>\n\n\n\n<pre id=\"text-news-description\" class=\"wp-block-preformatted\">   UAGADUG\u00da, 27 nov (Xinhua) -- La polic\u00eda de Burkina Faso dispar\u00f3 hoy s\u00e1bado gases lacrim\u00f3genos para dispersar a los manifestantes en la capital de la naci\u00f3n de \u00c1frica Occidental, Uagadug\u00fa, inform\u00f3 la agencia de noticias estatal AIB.\n   Se\u00f1al\u00f3 que la tensi\u00f3n sigue siendo alta entre los manifestantes y la polic\u00eda, ya que los manifestantes quemaron neum\u00e1ticos en las calles. Tambi\u00e9n levantaron barricadas para impedir el tr\u00e1nsito.\n   Durante la manifestaci\u00f3n, una persona result\u00f3 herida y fue evacuada por los bomberos, agreg\u00f3.\n   El principal sitio de internet de noticias de la naci\u00f3n, Burkina 24, inform\u00f3 tambi\u00e9n que varios organizadores concertaron una reuni\u00f3n para realizar manifestaciones a gran escala con el fin de denunciar la gesti\u00f3n de los asuntos p\u00fablicos. En la Plaza de la Naci\u00f3n de Uagadug\u00fa, lugar previsto para la concentraci\u00f3n, las fuerzas de seguridad han asegurado los principales accesos, inform\u00f3.\n   Las manifestaciones se produjeron en medio de la creciente inseguridad y el creciente enfado de la poblaci\u00f3n por la insurgencia yihadista en el pa\u00eds. El 14 de noviembre, un atentado dej\u00f3 53 muertos, entre ellos 49 polic\u00edas, en Inata, provincia de Soum, en el norte del pa\u00eds.\n   Grupos vinculados a Al Qaeda y al llamado grupo Estado Isl\u00e1mico han asolado esta naci\u00f3n del Sahel sin litoral desde 2015. Sus ataques han matado a miles de personas y desplazado a 1,4 millones de personas de sus hogares.\n   En una nota enviada a las fuerzas de seguridad el mi\u00e9rcoles, el alcalde de Uagadug\u00fa, Armand Beouinde, anunci\u00f3 la prohibici\u00f3n de \"manifestaciones ilegales\". El Gobierno burkin\u00e9s anunci\u00f3 tambi\u00e9n la noche del mi\u00e9rcoles la ampliaci\u00f3n de la suspensi\u00f3n de Internet m\u00f3vil por un periodo de 96 horas a partir de ese d\u00eda en todo el territorio nacional. <\/pre>\n","protected":false},"excerpt":{"rendered":"<p>diariodominicano.com UAGADUG\u00da, 27 nov (Xinhua) &#8212; La polic\u00eda de Burkina Faso dispar\u00f3 hoy s\u00e1bado gases lacrim\u00f3genos para dispersar a los manifestantes en la capital de la naci\u00f3n de \u00c1frica Occidental, Uagadug\u00fa, inform\u00f3 la agencia de noticias estatal AIB. Se\u00f1al\u00f3 que la tensi\u00f3n sigue siendo alta entre los manifestantes y la polic\u00eda, ya que los manifestantes [&hellip;]<\/p>\n","protected":false},"author":5,"featured_media":311591,"comment_status":"closed","ping_status":"","sticky":true,"template":"","format":"standard","meta":{"footnotes":""},"categories":[23,27],"tags":[],"class_list":["post-311590","post","type-post","status-publish","format-standard","has-post-thumbnail","hentry","category-internacional","category-portada"],"_links":{"self":[{"href":"https:\/\/diariodominicano.com\/index.php?rest_route=\/wp\/v2\/posts\/311590","targetHints":{"allow":["GET"]}}],"collection":[{"href":"https:\/\/diariodominicano.com\/index.php?rest_route=\/wp\/v2\/posts"}],"about":[{"href":"https:\/\/diariodominicano.com\/index.php?rest_route=\/wp\/v2\/types\/post"}],"author":[{"embeddable":true,"href":"https:\/\/diariodominicano.com\/index.php?rest_route=\/wp\/v2\/users\/5"}],"replies":[{"embeddable":true,"href":"https:\/\/diariodominicano.com\/index.php?rest_route=%2Fwp%2Fv2%2Fcomments&post=311590"}],"version-history":[{"count":1,"href":"https:\/\/diariodominicano.com\/index.php?rest_route=\/wp\/v2\/posts\/311590\/revisions"}],"predecessor-version":[{"id":311592,"href":"https:\/\/diariodominicano.com\/index.php?rest_route=\/wp\/v2\/posts\/311590\/revisions\/311592"}],"wp:featuredmedia":[{"embeddable":true,"href":"https:\/\/diariodominicano.com\/index.php?rest_route=\/wp\/v2\/media\/311591"}],"wp:attachment":[{"href":"https:\/\/diariodominicano.com\/index.php?rest_route=%2Fwp%2Fv2%2Fmedia&parent=311590"}],"wp:term":[{"taxonomy":"category","embeddable":true,"href":"https:\/\/diariodominicano.com\/index.php?rest_route=%2Fwp%2Fv2%2Fcategories&post=311590"},{"taxonomy":"post_tag","embeddable":true,"href":"https:\/\/diariodominicano.com\/index.php?rest_route=%2Fwp%2Fv2%2Ftags&post=311590"}],"curies":[{"name":"wp","href":"https:\/\/api.w.org\/{rel}","templated":true}]}}