{"id":311584,"date":"2021-11-27T11:50:49","date_gmt":"2021-11-27T15:50:49","guid":{"rendered":"http:\/\/diariodominicano.com\/?p=311584"},"modified":"2021-11-27T11:50:49","modified_gmt":"2021-11-27T15:50:49","slug":"secuestran-ciudadano-frances-en-haiti-profesor-universitario","status":"publish","type":"post","link":"https:\/\/diariodominicano.com\/?p=311584","title":{"rendered":"Secuestran ciudadano franc\u00e9s en Hait\u00ed, profesor universitario"},"content":{"rendered":"\n<p>diariodominicano.com<\/p>\n\n\n\n<p>Puerto Pr\u00edncipe, 26 nov (Prensa Latina) El ciudadano franc\u00e9s Alain Sauval fue secuestrado en la capital de Hait\u00ed, y se une a la extensa lista de casos de este tipo que proliferan hoy en el pa\u00eds.<\/p>\n\n\n\n<p>Sauval, ejecutivo de la Universidad Quisqueya fue interceptado por individuos armados en la zona de Bourdon, mientras regresaba a su casa proveniente del centro de estudios, seg\u00fan indicaron medios locales, y detallaron que retuvieron tambi\u00e9n a un estudiante que viajaba con la v\u00edctima.<\/p>\n\n\n\n<p>Actualmente los rehenes se encuentran en paradero desconocido, y los captores a\u00fan no se comunicaron con los familiares, destac\u00f3 la plataforma digital Vant Bef Info.<\/p>\n\n\n\n<p>Tras la tregua de las bandas armadas para permitir la distribuci\u00f3n de los combustibles, aumentaron los secuestros, y en solo una jornada una veintena de personas se convirtieron en rehenes de grupos armados.<\/p>\n\n\n\n<p>El martes pasado quince pasajeros de un autob\u00fas con destino a Port de Paix fueron interceptados entre las zonas de Bassin Bleu y Gros Morne, comunas situadas al noroeste de Puerto Pr\u00edncipe.<\/p>\n\n\n\n<p>Ese mismo d\u00eda una madre fue apresada en las inmediaciones de la escuela de su hijo en Laule, mientras James Philistin, hermano del periodista Marc Guerson Philistin, junto a tres amigos fueron retenidos por individuos armados. Todos estos hechos ocurrieron en la zona metropolitana de la capital.<\/p>\n\n\n\n<p>Tambi\u00e9n a inicios de noviembre, otro autob\u00fas con 50 personas fueran apresados por grupos armados en Martissant, una zona que lleva meses bajo el fuego intenso de las pandillas.<\/p>\n\n\n\n<p>A algunas de las v\u00edctimas las despojaron de sus pertenencias y las liberaron poco despu\u00e9s, y otros tuvieron que esperar hasta el siguiente d\u00eda, entre ellos un agente policial.<\/p>\n\n\n\n<p>Todo esto ocurre mientras a\u00fan no se tienen noticias de 15 de los 17 misioneros de Estados Unidos y Canad\u00e1, secuestrados a mediados de octubre por la banda 400 Mawozo.<\/p>\n\n\n\n<p>El pasado fin de semana liberaron a dos de los rehenes, aparentemente por enfermedad, de acuerdo con la organizaci\u00f3n Christian Aid Ministries, a las cuales pertenecen.<\/p>\n\n\n\n<p>El gobierno, por su parte, reiter\u00f3 la promesa de combatir las pandillas y restaurar el clima de paz, aunque sin acciones concretas.<\/p>\n\n\n\n<p>oda\/ane<\/p>\n","protected":false},"excerpt":{"rendered":"<p>diariodominicano.com Puerto Pr\u00edncipe, 26 nov (Prensa Latina) El ciudadano franc\u00e9s Alain Sauval fue secuestrado en la capital de Hait\u00ed, y se une a la extensa lista de casos de este tipo que proliferan hoy en el pa\u00eds. Sauval, ejecutivo de la Universidad Quisqueya fue interceptado por individuos armados en la zona de Bourdon, mientras regresaba [&hellip;]<\/p>\n","protected":false},"author":5,"featured_media":311585,"comment_status":"closed","ping_status":"","sticky":true,"template":"","format":"standard","meta":{"footnotes":""},"categories":[23,27],"tags":[],"class_list":["post-311584","post","type-post","status-publish","format-standard","has-post-thumbnail","hentry","category-internacional","category-portada"],"_links":{"self":[{"href":"https:\/\/diariodominicano.com\/index.php?rest_route=\/wp\/v2\/posts\/311584","targetHints":{"allow":["GET"]}}],"collection":[{"href":"https:\/\/diariodominicano.com\/index.php?rest_route=\/wp\/v2\/posts"}],"about":[{"href":"https:\/\/diariodominicano.com\/index.php?rest_route=\/wp\/v2\/types\/post"}],"author":[{"embeddable":true,"href":"https:\/\/diariodominicano.com\/index.php?rest_route=\/wp\/v2\/users\/5"}],"replies":[{"embeddable":true,"href":"https:\/\/diariodominicano.com\/index.php?rest_route=%2Fwp%2Fv2%2Fcomments&post=311584"}],"version-history":[{"count":1,"href":"https:\/\/diariodominicano.com\/index.php?rest_route=\/wp\/v2\/posts\/311584\/revisions"}],"predecessor-version":[{"id":311586,"href":"https:\/\/diariodominicano.com\/index.php?rest_route=\/wp\/v2\/posts\/311584\/revisions\/311586"}],"wp:featuredmedia":[{"embeddable":true,"href":"https:\/\/diariodominicano.com\/index.php?rest_route=\/wp\/v2\/media\/311585"}],"wp:attachment":[{"href":"https:\/\/diariodominicano.com\/index.php?rest_route=%2Fwp%2Fv2%2Fmedia&parent=311584"}],"wp:term":[{"taxonomy":"category","embeddable":true,"href":"https:\/\/diariodominicano.com\/index.php?rest_route=%2Fwp%2Fv2%2Fcategories&post=311584"},{"taxonomy":"post_tag","embeddable":true,"href":"https:\/\/diariodominicano.com\/index.php?rest_route=%2Fwp%2Fv2%2Ftags&post=311584"}],"curies":[{"name":"wp","href":"https:\/\/api.w.org\/{rel}","templated":true}]}}