{"id":311561,"date":"2021-11-27T10:53:35","date_gmt":"2021-11-27T14:53:35","guid":{"rendered":"http:\/\/diariodominicano.com\/?p=311561"},"modified":"2021-11-27T11:14:39","modified_gmt":"2021-11-27T15:14:39","slug":"gobierno-entrega-centro-de-diagnostico-y-atencion-primaria-en-el-seibo","status":"publish","type":"post","link":"https:\/\/diariodominicano.com\/?p=311561","title":{"rendered":"Gobierno entrega Centro de Diagn\u00f3stico y Atenci\u00f3n Primaria en El Seibo"},"content":{"rendered":"\n<p>diariodominicano.com<\/p>\n\n\n\n<p>El Seibo, R. D.,  27 de noviembre, 2021.\u2013  El presidente de la Rep\u00fablica, Luis Abinader,&nbsp;y el ministro de la Vivienda y Edificaciones (MIVED), Carlos Bonilla, hicieron entrega del Centro de Diagn\u00f3stico y Atenci\u00f3n Primaria en esta provincia.<\/p>\n\n\n\n<p>Este centro se suma a una amplia red de obras finalizadas por el Ministerio de la Vivienda y Edificaciones, en cumplimiento con la promesa del Gobierno central de priorizar la salud de los dominicanos.<\/p>\n\n\n\n<div class=\"wp-block-image\"><figure class=\"alignright size-full is-resized\"><img loading=\"lazy\" decoding=\"async\" src=\"https:\/\/diariodominicano.com\/wp-content\/uploads\/2021\/11\/Centro-Diagnostico-El-Seibo-27-11-21.jpg\" alt=\"\" class=\"wp-image-311574\" width=\"347\" height=\"194\" srcset=\"https:\/\/diariodominicano.com\/wp-content\/uploads\/2021\/11\/Centro-Diagnostico-El-Seibo-27-11-21.jpg 768w, https:\/\/diariodominicano.com\/wp-content\/uploads\/2021\/11\/Centro-Diagnostico-El-Seibo-27-11-21-300x169.jpg 300w\" sizes=\"auto, (max-width: 347px) 100vw, 347px\" \/><\/figure><\/div>\n\n\n\n<p>Dentro de los espacios habilitados se encuentran servicios de rayos X, sonograf\u00eda, fisiatr\u00eda, toma de muestras y laboratorio de vacunas, farmacia, ginecolog\u00eda, medicina interna, pediatr\u00eda, odontolog\u00eda, entre otras facilidades.<\/p>\n\n\n\n<p>El centro fue recibido en un 43% de ejecuci\u00f3n en agosto de 2020 y, luego de meses de arduo trabajo, el Ministerio de la Vivienda lo entreg\u00f3 al 100%.<\/p>\n\n\n\n<p>\u201cDesde que asumimos la administraci\u00f3n de este ministerio nos comprometimos a apoyar el crecimiento del sector salud, un pilar fundamental para el desarrollo del pa\u00eds, pues se trata de un derecho fundamental que el Estado dominicano debe garantizar, como en efecto lo est\u00e1 haciendo, y es por eso por lo que hoy en el Seibo se materializa la promesa de un centro de servicios \u00edntegro para sus m\u00e1s de 100 mil habitantes\u201d, expres\u00f3 el Ingeniero Carlos Bonilla, ministro del MIVED.<\/p>\n\n\n\n<p>Durante la inauguraci\u00f3n formal del centro estuvieron el presidente del Senado de la Rep\u00fablica, Eduardo Estrella; el Consultor jur\u00eddico de la Presidencia, Antoniano Peralta; el senador de la provincia, Santiago Zorrilla; el ministro de Salud, Dr. Daniel Rivera; el director del Servicio Nacional de Salud, Dr. Mario Lama, y la gobernadora provincial, Irene Mart\u00ednez de la Cruz.&nbsp;<\/p>\n\n\n\n<p>Fuente: Direcci\u00f3n de Estrategia y Comunicaci\u00f3n Gubernamental<\/p>\n\n\n\n<p>Ministerio Administrativo de la Presidencia de la Rep\u00fablica Dominicana<\/p>\n","protected":false},"excerpt":{"rendered":"<p>diariodominicano.com El Seibo, R. D., 27 de noviembre, 2021.\u2013 El presidente de la Rep\u00fablica, Luis Abinader,&nbsp;y el ministro de la Vivienda y Edificaciones (MIVED), Carlos Bonilla, hicieron entrega del Centro de Diagn\u00f3stico y Atenci\u00f3n Primaria en esta provincia. Este centro se suma a una amplia red de obras finalizadas por el Ministerio de la Vivienda [&hellip;]<\/p>\n","protected":false},"author":5,"featured_media":311566,"comment_status":"closed","ping_status":"","sticky":true,"template":"","format":"standard","meta":{"footnotes":""},"categories":[20,27],"tags":[],"class_list":["post-311561","post","type-post","status-publish","format-standard","has-post-thumbnail","hentry","category-dominicana-hoy","category-portada"],"_links":{"self":[{"href":"https:\/\/diariodominicano.com\/index.php?rest_route=\/wp\/v2\/posts\/311561","targetHints":{"allow":["GET"]}}],"collection":[{"href":"https:\/\/diariodominicano.com\/index.php?rest_route=\/wp\/v2\/posts"}],"about":[{"href":"https:\/\/diariodominicano.com\/index.php?rest_route=\/wp\/v2\/types\/post"}],"author":[{"embeddable":true,"href":"https:\/\/diariodominicano.com\/index.php?rest_route=\/wp\/v2\/users\/5"}],"replies":[{"embeddable":true,"href":"https:\/\/diariodominicano.com\/index.php?rest_route=%2Fwp%2Fv2%2Fcomments&post=311561"}],"version-history":[{"count":3,"href":"https:\/\/diariodominicano.com\/index.php?rest_route=\/wp\/v2\/posts\/311561\/revisions"}],"predecessor-version":[{"id":311576,"href":"https:\/\/diariodominicano.com\/index.php?rest_route=\/wp\/v2\/posts\/311561\/revisions\/311576"}],"wp:featuredmedia":[{"embeddable":true,"href":"https:\/\/diariodominicano.com\/index.php?rest_route=\/wp\/v2\/media\/311566"}],"wp:attachment":[{"href":"https:\/\/diariodominicano.com\/index.php?rest_route=%2Fwp%2Fv2%2Fmedia&parent=311561"}],"wp:term":[{"taxonomy":"category","embeddable":true,"href":"https:\/\/diariodominicano.com\/index.php?rest_route=%2Fwp%2Fv2%2Fcategories&post=311561"},{"taxonomy":"post_tag","embeddable":true,"href":"https:\/\/diariodominicano.com\/index.php?rest_route=%2Fwp%2Fv2%2Ftags&post=311561"}],"curies":[{"name":"wp","href":"https:\/\/api.w.org\/{rel}","templated":true}]}}