{"id":311542,"date":"2021-11-27T10:48:41","date_gmt":"2021-11-27T14:48:41","guid":{"rendered":"http:\/\/diariodominicano.com\/?p=311542"},"modified":"2021-11-27T10:48:41","modified_gmt":"2021-11-27T14:48:41","slug":"bielorrusia-pide-a-la-ue-resolver-crisis-migratoria-en-su-frontera","status":"publish","type":"post","link":"https:\/\/diariodominicano.com\/?p=311542","title":{"rendered":"Bielorrusia pide a la UE resolver crisis migratoria en su frontera"},"content":{"rendered":"\n<p>diariodominicano.com<a rel=\"noreferrer noopener\" href=\"https:\/\/www.xinhua-news.com\/gdsdetailxhs\/share\/10657732-?pageflag=iframe\" target=\"_blank\"><\/a><\/p>\n\n\n\n<pre id=\"text-news-description\" class=\"wp-block-preformatted\">   MINSK, 27 nov (Xinhua) -- El presidente de Bielorrusia, Alexander Lukashenko, se reuni\u00f3 el viernes con los refugiados varados en la frontera entre su pa\u00eds y Polonia, y pidi\u00f3 a la Uni\u00f3n Europea (UE) que resuelva la crisis migratoria lo antes posible.\n   De acuerdo con la agencia de noticias BelTA, el lugar de ese encuentro se ubica cerca del puesto de control fronterizo de Bruzgi.\n   Lukashenko pidi\u00f3 a Alemania que acepte a los refugiados cuanto antes, ya que la canciller alemana, Angela Merkel, hab\u00eda acordado un plan para acogerlos.\n   Adem\u00e1s, expres\u00f3 su esperanza de que Polonia pueda permitir el paso de los refugiados hacia Alemania.\n   El mandatario bielorruso inspeccion\u00f3 el centro log\u00edstico, donde se alojan de manera temporal los refugiados, para conocer sus condiciones de vida, distribuci\u00f3n de alimentos, asistencia m\u00e9dica y otros aspectos.\n   Asegur\u00f3 que Bielorrusia proporcionar\u00e1 un viaje al aeropuerto de Minsk para los refugiados que deseen regresar a Irak.\n   Miles de refugiados, en su mayor\u00eda del Medio Oriente, buscan llegar a Polonia, Lituania u otros pa\u00edses de la UE, v\u00eda Bielorrusia, para finalmente obtener asilo en Europa Occidental.\n   Los pa\u00edses, Polonia incluida, han reforzado los controles fronterizos y han impedido la entrada ilegal, dejando a un gran n\u00famero de inmigrantes atrapados en las zonas fronterizas.<\/pre>\n","protected":false},"excerpt":{"rendered":"<p>diariodominicano.com MINSK, 27 nov (Xinhua) &#8212; El presidente de Bielorrusia, Alexander Lukashenko, se reuni\u00f3 el viernes con los refugiados varados en la frontera entre su pa\u00eds y Polonia, y pidi\u00f3 a la Uni\u00f3n Europea (UE) que resuelva la crisis migratoria lo antes posible. De acuerdo con la agencia de noticias BelTA, el lugar de ese [&hellip;]<\/p>\n","protected":false},"author":5,"featured_media":311559,"comment_status":"closed","ping_status":"","sticky":true,"template":"","format":"standard","meta":{"footnotes":""},"categories":[23,27],"tags":[],"class_list":["post-311542","post","type-post","status-publish","format-standard","has-post-thumbnail","hentry","category-internacional","category-portada"],"_links":{"self":[{"href":"https:\/\/diariodominicano.com\/index.php?rest_route=\/wp\/v2\/posts\/311542","targetHints":{"allow":["GET"]}}],"collection":[{"href":"https:\/\/diariodominicano.com\/index.php?rest_route=\/wp\/v2\/posts"}],"about":[{"href":"https:\/\/diariodominicano.com\/index.php?rest_route=\/wp\/v2\/types\/post"}],"author":[{"embeddable":true,"href":"https:\/\/diariodominicano.com\/index.php?rest_route=\/wp\/v2\/users\/5"}],"replies":[{"embeddable":true,"href":"https:\/\/diariodominicano.com\/index.php?rest_route=%2Fwp%2Fv2%2Fcomments&post=311542"}],"version-history":[{"count":1,"href":"https:\/\/diariodominicano.com\/index.php?rest_route=\/wp\/v2\/posts\/311542\/revisions"}],"predecessor-version":[{"id":311560,"href":"https:\/\/diariodominicano.com\/index.php?rest_route=\/wp\/v2\/posts\/311542\/revisions\/311560"}],"wp:featuredmedia":[{"embeddable":true,"href":"https:\/\/diariodominicano.com\/index.php?rest_route=\/wp\/v2\/media\/311559"}],"wp:attachment":[{"href":"https:\/\/diariodominicano.com\/index.php?rest_route=%2Fwp%2Fv2%2Fmedia&parent=311542"}],"wp:term":[{"taxonomy":"category","embeddable":true,"href":"https:\/\/diariodominicano.com\/index.php?rest_route=%2Fwp%2Fv2%2Fcategories&post=311542"},{"taxonomy":"post_tag","embeddable":true,"href":"https:\/\/diariodominicano.com\/index.php?rest_route=%2Fwp%2Fv2%2Ftags&post=311542"}],"curies":[{"name":"wp","href":"https:\/\/api.w.org\/{rel}","templated":true}]}}