{"id":311475,"date":"2021-11-26T23:23:24","date_gmt":"2021-11-27T03:23:24","guid":{"rendered":"http:\/\/diariodominicano.com\/?p=311475"},"modified":"2021-11-26T23:34:15","modified_gmt":"2021-11-27T03:34:15","slug":"juan-sanchez-ramirez-por-reconquista-llega-a-santo-domingo","status":"publish","type":"post","link":"https:\/\/diariodominicano.com\/?p=311475","title":{"rendered":"Nace Santiago Guzm\u00e1n Espaillat"},"content":{"rendered":"\n<p><\/p>\n\n\n\n<p>\u00a0\u00a0\u00a0 <\/p>\n\n\n\n<p><strong>Por H\u00e9ctor Tineo Nolasco<\/strong><\/p>\n\n\n\n<p><strong>Diariodominicano.com<\/strong><\/p>\n\n\n\n<p><\/p>\n\n\n\n<p>\u00a0 \u00a0\u00a0\u00a0<strong>SANTIAGO DE LOS CABALLEROS, el 27 de noviembre de 1877<\/strong>, naci\u00f3 en la ciudad de Santiago de los Caballeros, Santiago Guzm\u00e1n Espaillat, hijo del soldado de la Independencia y la Restauraci\u00f3n, Ram\u00f3n Guzm\u00e1n, de Moca y\u00a0 Ubaldina Espaillat Qui\u00f1ones.<\/p>\n\n\n\n<p><strong>Se destac\u00f3 como periodista, educador, pol\u00edtico, abogado, coleccionista de piezas arqueol\u00f3gicas, escritor y tribuno.<\/strong><\/p>\n\n\n\n<p>Entre las funciones que desempe\u00f1\u00f3&nbsp; figuran&nbsp; Procurador&nbsp; Fiscal de Monte Cristi;&nbsp; Procurador Fiscal&nbsp; de Santiago&nbsp; y&nbsp;&nbsp; diputado. En&nbsp; mayo&nbsp; de 1905 renunci\u00f3 a su curul.&nbsp; Fue&nbsp; escogido regidor del ayuntamiento de Santiago,&nbsp;pero&nbsp; renunci\u00f3 antes de tomar posesi\u00f3n.<\/p>\n\n\n\n<p>&nbsp;&nbsp;&nbsp;&nbsp; <strong>Por sus ideas liberales y lucha por las libertades p\u00fablicas fue detenido en varias ocasiones, y asesinado en la ciudad de Santiago de los Caballeros el 1 de enero de 1912.<\/strong><strong><\/strong><\/p>\n\n\n\n<p>En un reportaje publicado en el diario Hoy, el 15 de Diciembre de 2012, sobre la personalidad de Guzm\u00e1n Espaillat, la periodista Angela Pe\u00f1a&nbsp; destaca:<\/p>\n\n\n\n<p>\u201cEl crimen m\u00e1s repudiado fue el de este patriota,&nbsp; \u0093el var\u00f3n m\u00e1s recto de su \u00e9poca. Joaqu\u00edn Balaguer le dedic\u00f3 varios art\u00edculos y un poema expresa, con justicia, que no hay en su vida p\u00fablica, \u0093a pesar de haber sido tan turbulenta, y tempestuosa, ni una sola actitud contradictoria, ni una sola ca\u00edda incompatible con la moral absoluta, ni un solo acto de traici\u00f3n a las ideas heroicas que inflamaron su verbo tumultuario.<\/p>\n\n\n\n<p>\u201cEl pecado de este apasionado de los libros y el estudio, de car\u00e1cter austero y reconocido valor que \u0093impon\u00edan ese respeto avasallador, fue oponerse a la firma de la Convenci\u00f3n Dom\u00ednico-Americana de 1907 que mutilaba la soberan\u00eda de la Rep\u00fablica.<\/p>\n\n\n\n<p>Resalta&nbsp;&nbsp; que&nbsp; J. Agust\u00edn Concepci\u00f3n, J. R. Cordero Infante, Federico Arturo Rojas,&nbsp; y Andr\u00e9s L. Mateo son quienes con m\u00e1s detalles han escrito sobre este crimen de la calle Beller esquina Carlos Sully Bonnelly, &nbsp;aunque son muchos los autores de trabajos laudatorios en torno al l\u00edder intelectual de la juventud de su \u00e9poca que no contrajo matrimonio por vivir enamorado de la Patria.<\/p>\n\n\n\n<p>Apunta&nbsp; que en&nbsp; 1972, Concepci\u00f3n public\u00f3 las diferentes versiones del crimen. Una, la oficial, que fue la de que la v\u00edctima se rebel\u00f3 contra los oficiales encargados de su detenci\u00f3n. Y otra que involucra al capit\u00e1n Jos\u00e9 Eugenio Berrido, que encabez\u00f3 el apresamiento. El reputado abogado J. R. Cordero Infante, estrechamente vinculado a la vida de Guzm\u00e1n Espaillat, consign\u00f3 que en el Gobierno Provisional de Eladio Victoria, el secretario de Interior y Polic\u00eda, Miguel A. Rom\u00e1n, orden\u00f3 al gobernador de Santiago reducir a prisi\u00f3n, vivo o muerto, a Santiago Guzm\u00e1n Espaillat.<\/p>\n\n\n\n<p>\u201cAgrega que el gobernador, Sim\u00f3n D\u00edaz, dio a la vez instrucciones al capit\u00e1n de la Guardia Republicana Jos\u00e9 Eugenio Berrido de ejecutar la orden, haci\u00e9ndole entrega del telegrama. Este (Berrido) se hizo acompa\u00f1ar del teniente Pedro Alfonseca y del alf\u00e9rez Juan Bautista Alfonseca.<\/p>\n\n\n\n<p>\u201cCordero refiere todos los acontecimientos de esa tarde hasta concluir en que cuando Guzm\u00e1n Espaillat intent\u00f3 subir al coche en que fueron a apresarlo, \u0093el teniente Pedro Alfonseca, que esperaba de pie sobre el veh\u00edculo, le hizo dos disparos a la cabeza.<\/p>\n\n\n\n<p>\u201cAndr\u00e9s L. Mateo apunta que la imagen de Guzm\u00e1n \u0093concitaba una corriente de simpat\u00eda que la mano dura del poder de entonces crey\u00f3 peligrosa\u201d.<\/p>\n\n\n\n<p>Anota&nbsp;&nbsp; que el 1 de enero de 1912, \u0093inicio de contiendas civiles que llevaron a la intervenci\u00f3n estadounidense de 1916, soldados de la Guardia Republicana de Victoria daban muerte&nbsp;atroz a Santiago Guzm\u00e1n Espaillat y significa que esta acci\u00f3n fue organizada por el poder pol\u00edtico que \u00e9l despreci\u00f3.<\/p>\n\n\n\n<p>Esta muerte, se\u00f1ala, \u0093dej\u00f3 sin espacio vital las posibilidades de un pensamiento alejado de la pragm\u00e1tica del poder.<\/p>\n\n\n\n<p>Pompilio Lugo destac\u00f3 que \u0093detr\u00e1s de aquel muerto se fue la juventud a buscar el honor o la muerte. Con los veteranos de la manigua se vaciaron las aulas.<\/p>\n\n\n\n<p>&nbsp;En el monte la juventud se hizo sangre. Y de patio en patio fue planeado un solo odio: el odio a Alfredo Victoria.<\/p>\n\n\n\n<p>Julio Jaime Julia recoge en un libro la cronolog\u00eda y pr\u00e1cticamente todo lo escrito sobre Santiago Guzm\u00e1n Espaillat hasta el momento de la publicaci\u00f3n del ejemplar.<\/p>\n\n\n\n<p>Angela Pe\u00f1a tambi\u00e9n indica&nbsp; que&nbsp; trabajos de Balaguer,&nbsp; Bernardo Pichardo, Federico Arturo Rojas, Germ\u00e1n Soriano, Pablo Pichardo, Ricardo S\u00e1nchez Lustrino as\u00ed como editoriales de peri\u00f3dicos&nbsp; aparecen en el volumen.<\/p>\n\n\n\n<p>Rufino Mart\u00ednez public\u00f3 en su Diccionario encomi\u00e1sticas palabras. Ninguno refiere un acto deshonesto o defecto de esta personalidad que presentan llena de virtudes.<\/p>\n\n\n\n<p><strong>Angela Pe\u00f1a apunta que Guzm\u00e1n Espaillat fue<\/strong><strong> <\/strong>&nbsp;periodista, educador, pol\u00edtico, abogado, coleccionista de piezas arqueol\u00f3gicas, escritor, mas\u00f3n, tribuno, \u0093gallardo abanderado de la juventud pensante dominicana de los comienzos\u0094 del pasado siglo.<\/p>\n\n\n\n<p>Naci\u00f3 en Santiago el 27 de noviembre de 1877, hijo de Ram\u00f3n Guzm\u00e1n y de Ubaldina Espaillat Qui\u00f1ones.<\/p>\n\n\n\n<p>Siendo&nbsp; procurador fiscal de Monte Cristi, en octubre de 1902 lo arrestaron, poni\u00e9ndole grilletes por orden del general Andr\u00e9s Navarro, \u0093quien arbitrariamente no respet\u00f3 su calidad de magistrado de orden judicial.<\/p>\n\n\n\n<p>Lo nombraron regidor del ayuntamiento de Santiago, pero renunci\u00f3 antes de tomar posesi\u00f3n.<\/p>\n\n\n\n<p>Tambi\u00e9n se desempe\u00f1\u00f3 como procurador fiscal de Santiago y&nbsp; fue diputado al Congreso Nacional por esa provincia, posici\u00f3n a la que renunci\u00f3 el 1 de mayo de 1905.<\/p>\n\n\n\n<p>\u201cMuchos aseguran que present\u00eda su muerte. El 6 de mayo de ese a\u00f1o don\u00f3 su colecci\u00f3n de objetos ind\u00edgenas y otras antig\u00fcedades al Museo de Santiago y d\u00edas despu\u00e9s renunci\u00f3 del Partido Horacista en carta al presidente C\u00e1ceres. Tambi\u00e9n renunci\u00f3 a su curul en el Congreso Nacional. En abril de 1906 se retir\u00f3 a su hogar en Santiago.<\/p>\n\n\n\n<p>\u201cPresent\u00f3 examen ante la Suprema Corte de Justicia para optar al notariado y fue aprobado en todas las materias.&nbsp; Perteneci\u00f3 a las directivas del Centro de Recreo, el Club Santiago y&nbsp; la Sociedad Amantes de la Luz.<\/p>\n\n\n\n<p>Trabaj\u00f3&nbsp; como Notario del Tribunal de Primera Instancia, con su oficina en la calle Del Sol n\u00famero 59, en Santiago. En 1907 fungi\u00f3 como redactor de La Naci\u00f3n, en Santiago, y director de la revista \u0093La Escuela, \u00f3rgano de la sociedad \u0093El&nbsp; Nacionalismo.&nbsp; Se inici\u00f3 en la masoner\u00eda como miembro de la Logia Nuevo Mundo N\u00famero 5.<\/p>\n\n\n\n<p>En el a\u00f1o 1908 visit\u00f3 Argentina, Brasil, Francia, Portugal, Estados Unidos, Cuba, Saint Thomas.<\/p>\n\n\n\n<p>En el a\u00f1o 1910, al regresar de un viaje a Nueva York fue arrestado por la Guardia Republicana y trasladado a la Torre del Homenaje, donde permaneci\u00f3 m\u00e1s de tres meses. Varios peri\u00f3dicos pidieron al Gobierno su libertad, que le fue concedida el 15 de noviembre de 1910. Lleg\u00f3 a Santiago el 2 de diciembre.<\/p>\n\n\n\n<p>\u201cEl 1 de julio de 1911 dirigi\u00f3 una conmovedora carta a Rafael Estrella Ure\u00f1a, su amigo, considerada una s\u00edntesis de su ideario patri\u00f3tico y tenida por premonitoria, anota Pe\u00f1a.<\/p>\n\n\n\n<p>\u201cEl historiador J. Agust\u00edn Concepci\u00f3n apunta que \u0093lo doloroso es que Estrella Ure\u00f1a, al asimilar la lecci\u00f3n del bienintencionado maestro, no alcanzara a ser ni un aprendiz de sic\u00f3logo que advirtiera a tiempo al infame d\u00e9spota que hab\u00eda de ser Trujillo.<\/p>\n\n\n\n<p><strong>\u201c<\/strong>&nbsp;El 17 de julio de 1974 se design\u00f3 con el nombre de \u0093Santiago Guzm\u00e1n Espaillat, la antigua calle Santiago&nbsp; del barrio Vietnam, en San Lorenzo de Los Mina\u201d, apunta Angela Pe\u00f1a.<\/p>\n","protected":false},"excerpt":{"rendered":"<p>\u00a0\u00a0\u00a0 Por H\u00e9ctor Tineo Nolasco Diariodominicano.com \u00a0 \u00a0\u00a0\u00a0SANTIAGO DE LOS CABALLEROS, el 27 de noviembre de 1877, naci\u00f3 en la ciudad de Santiago de los Caballeros, Santiago Guzm\u00e1n Espaillat, hijo del soldado de la Independencia y la Restauraci\u00f3n, Ram\u00f3n Guzm\u00e1n, de Moca y\u00a0 Ubaldina Espaillat Qui\u00f1ones. Se destac\u00f3 como periodista, educador, pol\u00edtico, abogado, coleccionista de [&hellip;]<\/p>\n","protected":false},"author":28,"featured_media":0,"comment_status":"closed","ping_status":"","sticky":true,"template":"","format":"standard","meta":{"footnotes":""},"categories":[26,27],"tags":[],"class_list":["post-311475","post","type-post","status-publish","format-standard","hentry","category-efemerides","category-portada"],"_links":{"self":[{"href":"https:\/\/diariodominicano.com\/index.php?rest_route=\/wp\/v2\/posts\/311475","targetHints":{"allow":["GET"]}}],"collection":[{"href":"https:\/\/diariodominicano.com\/index.php?rest_route=\/wp\/v2\/posts"}],"about":[{"href":"https:\/\/diariodominicano.com\/index.php?rest_route=\/wp\/v2\/types\/post"}],"author":[{"embeddable":true,"href":"https:\/\/diariodominicano.com\/index.php?rest_route=\/wp\/v2\/users\/28"}],"replies":[{"embeddable":true,"href":"https:\/\/diariodominicano.com\/index.php?rest_route=%2Fwp%2Fv2%2Fcomments&post=311475"}],"version-history":[{"count":3,"href":"https:\/\/diariodominicano.com\/index.php?rest_route=\/wp\/v2\/posts\/311475\/revisions"}],"predecessor-version":[{"id":311482,"href":"https:\/\/diariodominicano.com\/index.php?rest_route=\/wp\/v2\/posts\/311475\/revisions\/311482"}],"wp:attachment":[{"href":"https:\/\/diariodominicano.com\/index.php?rest_route=%2Fwp%2Fv2%2Fmedia&parent=311475"}],"wp:term":[{"taxonomy":"category","embeddable":true,"href":"https:\/\/diariodominicano.com\/index.php?rest_route=%2Fwp%2Fv2%2Fcategories&post=311475"},{"taxonomy":"post_tag","embeddable":true,"href":"https:\/\/diariodominicano.com\/index.php?rest_route=%2Fwp%2Fv2%2Ftags&post=311475"}],"curies":[{"name":"wp","href":"https:\/\/api.w.org\/{rel}","templated":true}]}}