{"id":311470,"date":"2021-11-26T23:03:41","date_gmt":"2021-11-27T03:03:41","guid":{"rendered":"http:\/\/diariodominicano.com\/?p=311470"},"modified":"2021-11-27T04:23:39","modified_gmt":"2021-11-27T08:23:39","slug":"ciencias-economicas-y-sociales-de-la-uasd-expone-lo-que-representa-el-merengue-para-la-economia-dominicana","status":"publish","type":"post","link":"https:\/\/diariodominicano.com\/?p=311470","title":{"rendered":"Ciencias Econ\u00f3micas y Sociales de la UASD expone lo que representa el Merengue para la econom\u00eda dominicana"},"content":{"rendered":"\n<p><strong><u>En el D\u00eda del Merengue<\/u><\/strong><\/p>\n\n\n\n<p> &nbsp;<strong>&nbsp;La actividad fue desarrollada en la explanada de la Ciencias Econ\u00f3micas y Sociales (FCES) <\/strong><\/p>\n\n\n\n<p><strong>Santo Domingo, RD, 26 de noviembre de 2021.-<\/strong> La Facultad de Ciencias Econ\u00f3micas y Sociales (FCES), de la Universidad Aut\u00f3noma de Santo Domingo (UASD), realiz\u00f3 este viernes un evento para conmemorar el D\u00eda del Merengue, el cual incluy\u00f3 presentaciones art\u00edsticas, de artesanos y una disertaci\u00f3n sobre ese ritmo nuestro.<\/p>\n\n\n\n<p>&nbsp;&nbsp;&nbsp;&nbsp;&nbsp;&nbsp;&nbsp;&nbsp; La actividad, que fue desarrollada en la explanada de esa unidad acad\u00e9mica, fue encabezada por el vicedecano, maestro Antonio Ciriaco, en representaci\u00f3n del decano, maestro Alexi Mart\u00ednez.<\/p>\n\n\n\n<figure class=\"wp-block-image size-large\"><img loading=\"lazy\" decoding=\"async\" width=\"1024\" height=\"683\" src=\"https:\/\/diariodominicano.com\/wp-content\/uploads\/2021\/11\/TOM_2332-1-1024x683.jpg\" alt=\"\" class=\"wp-image-311471\" srcset=\"https:\/\/diariodominicano.com\/wp-content\/uploads\/2021\/11\/TOM_2332-1-1024x683.jpg 1024w, https:\/\/diariodominicano.com\/wp-content\/uploads\/2021\/11\/TOM_2332-1-300x200.jpg 300w, https:\/\/diariodominicano.com\/wp-content\/uploads\/2021\/11\/TOM_2332-1-768x512.jpg 768w, https:\/\/diariodominicano.com\/wp-content\/uploads\/2021\/11\/TOM_2332-1-1536x1025.jpg 1536w, https:\/\/diariodominicano.com\/wp-content\/uploads\/2021\/11\/TOM_2332-1-2048x1367.jpg 2048w, https:\/\/diariodominicano.com\/wp-content\/uploads\/2021\/11\/TOM_2332-1-816x544.jpg 816w\" sizes=\"auto, (max-width: 1024px) 100vw, 1024px\" \/><\/figure>\n\n\n\n<p> <strong>La directora de la escuela de Turismo, maestra Dorka Alc\u00e1ntara, pronunci\u00f3 algunas palabras sobre la organizaci\u00f3n de la actividad. <\/strong><\/p>\n\n\n\n<p>Ciriaco habl\u00f3 sobre lo que representa el merengue a nivel de la econom\u00eda nacional, por lo que expres\u00f3: \u201cEl merengue es nuestra m\u00e1xima representaci\u00f3n cultural folkl\u00f3rica, porque el merengue representa en la industria cultural, en la econom\u00eda naranja alrededor del 5 % del Producto Interno Bruto (PIB).<\/p>\n\n\n\n<p>Destac\u00f3 la importancia de la econom\u00eda naranja, la que \u2013seg\u00fan dijo- se enfoca en la inversi\u00f3n de nuevas capacidades, atraer talento y nutrirlo, al tiempo de indicar que la misma tiene capacidades infinitas, ya que en Am\u00e9rica Latina tiene una gran potencial en el desarrollo de las industrias creativas por la innovaci\u00f3n y herencia cultural.<\/p>\n\n\n\n<figure class=\"wp-block-image size-large\"><img loading=\"lazy\" decoding=\"async\" width=\"1024\" height=\"683\" src=\"https:\/\/diariodominicano.com\/wp-content\/uploads\/2021\/11\/MERENGUE--1024x683.jpg\" alt=\"\" class=\"wp-image-311473\" srcset=\"https:\/\/diariodominicano.com\/wp-content\/uploads\/2021\/11\/MERENGUE--1024x683.jpg 1024w, https:\/\/diariodominicano.com\/wp-content\/uploads\/2021\/11\/MERENGUE--300x200.jpg 300w, https:\/\/diariodominicano.com\/wp-content\/uploads\/2021\/11\/MERENGUE--768x512.jpg 768w, https:\/\/diariodominicano.com\/wp-content\/uploads\/2021\/11\/MERENGUE--1536x1025.jpg 1536w, https:\/\/diariodominicano.com\/wp-content\/uploads\/2021\/11\/MERENGUE--2048x1367.jpg 2048w, https:\/\/diariodominicano.com\/wp-content\/uploads\/2021\/11\/MERENGUE--816x544.jpg 816w\" sizes=\"auto, (max-width: 1024px) 100vw, 1024px\" \/><\/figure>\n\n\n\n<p>Dijo que la creatividad de las industrias culturales y la econom\u00eda naranja nos coloca en el primer lugar de la regi\u00f3n del Caribe e indic\u00f3 que a trav\u00e9s de \u00e9sta muestra la capacidad innovadora y creativa de todos los dominicanos y dominicanas.<\/p>\n\n\n\n<p>En otro orden, el funcionario se\u00f1al\u00f3 el importante reto de expansi\u00f3n y calidad, en la actualidad como en el futuro, de la escuela de Turismo de la UASD, por la formaci\u00f3n de j\u00f3venes y el fomento de la cultura en el pa\u00eds, al dotar de capacidades a sus estudiantes en las 22 provincias donde la instituci\u00f3n acad\u00e9mica tiene presencia, y, al mismo tiempo, agradeci\u00f3 al Ministerio de Turismo.<\/p>\n\n\n\n<p><strong>Sobre la actividad<\/strong><\/p>\n\n\n\n<p>La directora de la escuela de Turismo, maestra Dorka Alc\u00e1ntara, pronunci\u00f3 algunas palabras sobre la organizaci\u00f3n de la actividad y&nbsp; &nbsp;present\u00f3al antrop\u00f3logo, maestro Eddy S\u00e1nchez, quien disert\u00f3 sobre la \u201cImportancia del Merengue\u201d.<\/p>\n\n\n\n<p>S\u00e1nchez, durante su exposici\u00f3n,&nbsp;<a><\/a>destac\u00f3 un dato muy importante sobre la primera vez que se mencion\u00f3 la palabra merengue en el pa\u00eds y fue una publicaci\u00f3n, un domingo 26 de noviembre, en un medio escrito de circulaci\u00f3n nacional, en el peri\u00f3dico \u201cEl Oasis\u201d.<\/p>\n\n\n\n<p>Record\u00f3 que lo que se public\u00f3 fue un desprecio al merengue, porque ten\u00eda una forma de bailar poco elegante, suplantaba la&nbsp; expresi\u00f3n anterior, la \u201ctumba\u201d, que es una danza m\u00e1s cl\u00e1sica y de sal\u00f3n.&nbsp;<\/p>\n\n\n\n<p>Realiz\u00f3un recorrido por algunos sustentadores del merengue, del perico ripiaoy el t\u00edpico, hasta nuestros tiempos, a la vez que destac\u00f3 la importancia de la presencia de los artesanos, quienes construyen la tambora, la g\u00fcira y la marimba, as\u00ed como transportadores del acorde\u00f3n, para el sostenimiento de esta m\u00fasica y los merengueros esenciales.<\/p>\n\n\n\n<p>El maestro abord\u00f3 el tema de las instituciones que sustentan el merengue como expresi\u00f3n cultural y afirm\u00f3 que \u201cnuestro merengue surge conjuntamente con nuestra identidad nacional\u201d.<\/p>\n\n\n\n<p>Posteriormente, fueron presentados los diferentes bailes del Grupo Folkl\u00f3rico del Ministerio de Turismo, &nbsp;como el merengue y la mangulina, con la presencia principal de la bailarina &nbsp;Natali Joa.<\/p>\n\n\n\n<p>Joa dio inicio a los bailes folkl\u00f3ricos en el escenario expres\u00e1ndose de esta manera:&nbsp; &nbsp;\u201cMis ra\u00edces se remontan a la Era colonial, pero es a partir de la segunda mitad del siglo XIX que empiezo a expandirme, formo parte de la identidad nacional dominicana, hoy 26 de noviembre es mi D\u00eda nacional, junto a la tambora, g\u00fcira, marimba y acorde\u00f3n, yo soy el m\u00e1s popular, yo soy el merengue, la m\u00fasica de la Republica Dominicana\u201d.<\/p>\n\n\n\n<p>La Organizaci\u00f3n de Naciones Unidas para la Educaci\u00f3n, la Ciencia y la Cultura (UNESCO), declar\u00f3 el merengue como Patrimonio Cultural Inmaterial de la Humanidad, reconoci\u00e9ndolo como un valor cultural que forma parte de la identidad del pueblo dominicano yque desempe\u00f1a un papel activo en diferentes \u00e1mbitos de la vida nacional, as\u00ed como en la educaci\u00f3n, reuniones sociales, amistosas, campa\u00f1a pol\u00edtica, entre otros.<\/p>\n\n\n\n<p>Estuvieron presentes en la actividad, el Consejo Directivo de la facultad, la vicesecretaria general de la Universidad, maestra Ardelis Rodr\u00edguez, as\u00ed como las directoras de las diferentes escuelas de Ciencias Econ\u00f3micas y Sociales.<\/p>\n\n\n\n<p>Relaciones P\u00fablicas<a target=\"_blank\" href=\"mailto:relacionespublicas@uasd.edu.do\" rel=\"noreferrer noopener\">relacionespublicas@uasd.edu.do<\/a><\/p>\n","protected":false},"excerpt":{"rendered":"<p>En el D\u00eda del Merengue &nbsp;&nbsp;La actividad fue desarrollada en la explanada de la Ciencias Econ\u00f3micas y Sociales (FCES) Santo Domingo, RD, 26 de noviembre de 2021.- La Facultad de Ciencias Econ\u00f3micas y Sociales (FCES), de la Universidad Aut\u00f3noma de Santo Domingo (UASD), realiz\u00f3 este viernes un evento para conmemorar el D\u00eda del Merengue, el [&hellip;]<\/p>\n","protected":false},"author":28,"featured_media":311472,"comment_status":"closed","ping_status":"","sticky":true,"template":"","format":"standard","meta":{"footnotes":""},"categories":[18,27],"tags":[],"class_list":["post-311470","post","type-post","status-publish","format-standard","has-post-thumbnail","hentry","category-economia","category-portada"],"_links":{"self":[{"href":"https:\/\/diariodominicano.com\/index.php?rest_route=\/wp\/v2\/posts\/311470","targetHints":{"allow":["GET"]}}],"collection":[{"href":"https:\/\/diariodominicano.com\/index.php?rest_route=\/wp\/v2\/posts"}],"about":[{"href":"https:\/\/diariodominicano.com\/index.php?rest_route=\/wp\/v2\/types\/post"}],"author":[{"embeddable":true,"href":"https:\/\/diariodominicano.com\/index.php?rest_route=\/wp\/v2\/users\/28"}],"replies":[{"embeddable":true,"href":"https:\/\/diariodominicano.com\/index.php?rest_route=%2Fwp%2Fv2%2Fcomments&post=311470"}],"version-history":[{"count":4,"href":"https:\/\/diariodominicano.com\/index.php?rest_route=\/wp\/v2\/posts\/311470\/revisions"}],"predecessor-version":[{"id":311494,"href":"https:\/\/diariodominicano.com\/index.php?rest_route=\/wp\/v2\/posts\/311470\/revisions\/311494"}],"wp:featuredmedia":[{"embeddable":true,"href":"https:\/\/diariodominicano.com\/index.php?rest_route=\/wp\/v2\/media\/311472"}],"wp:attachment":[{"href":"https:\/\/diariodominicano.com\/index.php?rest_route=%2Fwp%2Fv2%2Fmedia&parent=311470"}],"wp:term":[{"taxonomy":"category","embeddable":true,"href":"https:\/\/diariodominicano.com\/index.php?rest_route=%2Fwp%2Fv2%2Fcategories&post=311470"},{"taxonomy":"post_tag","embeddable":true,"href":"https:\/\/diariodominicano.com\/index.php?rest_route=%2Fwp%2Fv2%2Ftags&post=311470"}],"curies":[{"name":"wp","href":"https:\/\/api.w.org\/{rel}","templated":true}]}}