{"id":311427,"date":"2021-11-26T21:31:12","date_gmt":"2021-11-27T01:31:12","guid":{"rendered":"http:\/\/diariodominicano.com\/?p=311427"},"modified":"2021-11-27T10:30:58","modified_gmt":"2021-11-27T14:30:58","slug":"presentan-en-paris-encuentro-cultural-paisajes-de-resistencia-inspirado-en-las-hermanas-mirabal","status":"publish","type":"post","link":"https:\/\/diariodominicano.com\/?p=311427","title":{"rendered":"Presentan en Par\u00eds encuentro cultural \u00abPaisajes de Resistencia\u00bb inspirado en las hermanas Mirabal"},"content":{"rendered":"\n<figure class=\"wp-block-image size-full\"><img loading=\"lazy\" decoding=\"async\" width=\"867\" height=\"578\" src=\"https:\/\/diariodominicano.com\/wp-content\/uploads\/2021\/11\/S.E.Sra_.-Issamaru-Sa\u0301nchez-embajadora-de-Panama\u0301-en-FranciaS.E.Sra-Rosa-Herna\u0301ndez-de-Grullo\u0301n-S.E.Sra_.-Ivonne-Bonilla-Embajadora-de-Honduras-en-Francia-.png\" alt=\"\" class=\"wp-image-311543\" srcset=\"https:\/\/diariodominicano.com\/wp-content\/uploads\/2021\/11\/S.E.Sra_.-Issamaru-Sa\u0301nchez-embajadora-de-Panama\u0301-en-FranciaS.E.Sra-Rosa-Herna\u0301ndez-de-Grullo\u0301n-S.E.Sra_.-Ivonne-Bonilla-Embajadora-de-Honduras-en-Francia-.png 867w, https:\/\/diariodominicano.com\/wp-content\/uploads\/2021\/11\/S.E.Sra_.-Issamaru-Sa\u0301nchez-embajadora-de-Panama\u0301-en-FranciaS.E.Sra-Rosa-Herna\u0301ndez-de-Grullo\u0301n-S.E.Sra_.-Ivonne-Bonilla-Embajadora-de-Honduras-en-Francia--300x200.png 300w, https:\/\/diariodominicano.com\/wp-content\/uploads\/2021\/11\/S.E.Sra_.-Issamaru-Sa\u0301nchez-embajadora-de-Panama\u0301-en-FranciaS.E.Sra-Rosa-Herna\u0301ndez-de-Grullo\u0301n-S.E.Sra_.-Ivonne-Bonilla-Embajadora-de-Honduras-en-Francia--768x512.png 768w, https:\/\/diariodominicano.com\/wp-content\/uploads\/2021\/11\/S.E.Sra_.-Issamaru-Sa\u0301nchez-embajadora-de-Panama\u0301-en-FranciaS.E.Sra-Rosa-Herna\u0301ndez-de-Grullo\u0301n-S.E.Sra_.-Ivonne-Bonilla-Embajadora-de-Honduras-en-Francia--816x544.png 816w\" sizes=\"auto, (max-width: 867px) 100vw, 867px\" \/><\/figure>\n\n\n\n<p><strong>Destacan el hero\u00edsmo y el legado que mantiene viva la memoria de las hero\u00ednas dominicanas<\/strong><\/p>\n\n\n\n<p><strong>Par\u00eds, Francia. \u2013<\/strong>&nbsp; En el marco de la conmemoraci\u00f3n del D\u00eda Internacional de la Eliminaci\u00f3n de la Violencia contra la Mujer, la Embajada de la Rep\u00fablica Dominicana en Francia organiz\u00f3 la actividad cultural \u00abPaisajes de Resistencia\u00bb. La ambiciosa propuesta incluy\u00f3 una pieza teatral y una exposici\u00f3n inspirada en la historia de las hermanas Mirabal, y tambi\u00e9n abarc\u00f3 la problem\u00e1tica de la violencia contra la mujer.&nbsp;<\/p>\n\n\n\n<p><strong>La actividad inici\u00f3 con las palabras de su excelencia Rosa Hern\u00e1ndez de Grull\u00f3n, quien resalt\u00f3 el hero\u00edsmo y el legado de las hermanas Mirabal, valores que inspiraron la puesta en escena \u201cLa visita de las mariposas\u201d y la exposici\u00f3n \u201cPaisajes de Resistencia\u201d, ambas de la autor\u00eda de la artista Licelotte Nin.\u00a0\u00a0<\/strong><\/p>\n\n\n\n<figure class=\"wp-block-image size-full\"><img loading=\"lazy\" decoding=\"async\" width=\"822\" height=\"579\" src=\"https:\/\/diariodominicano.com\/wp-content\/uploads\/2021\/11\/La-actriz-Clara-Benoit-Casanova-S.E.Sra-Rosa-Herna\u0301ndez-de-Grullo\u0301n-y-Licelotte-Nin.-.png\" alt=\"\" class=\"wp-image-311547\" srcset=\"https:\/\/diariodominicano.com\/wp-content\/uploads\/2021\/11\/La-actriz-Clara-Benoit-Casanova-S.E.Sra-Rosa-Herna\u0301ndez-de-Grullo\u0301n-y-Licelotte-Nin.-.png 822w, https:\/\/diariodominicano.com\/wp-content\/uploads\/2021\/11\/La-actriz-Clara-Benoit-Casanova-S.E.Sra-Rosa-Herna\u0301ndez-de-Grullo\u0301n-y-Licelotte-Nin.--300x211.png 300w, https:\/\/diariodominicano.com\/wp-content\/uploads\/2021\/11\/La-actriz-Clara-Benoit-Casanova-S.E.Sra-Rosa-Herna\u0301ndez-de-Grullo\u0301n-y-Licelotte-Nin.--768x541.png 768w, https:\/\/diariodominicano.com\/wp-content\/uploads\/2021\/11\/La-actriz-Clara-Benoit-Casanova-S.E.Sra-Rosa-Herna\u0301ndez-de-Grullo\u0301n-y-Licelotte-Nin.--816x575.png 816w\" sizes=\"auto, (max-width: 822px) 100vw, 822px\" \/><\/figure>\n\n\n\n<p>Asimismo, la diplom\u00e1tica dominicana agradeci\u00f3 a la directora teatral y artista visual, Licelotte Nin y a la actriz Clara Benoit-Casanova, por su compromiso en la interpretaci\u00f3n de esta obra que mantiene viva la memoria de las hero\u00ednas dominicanas.&nbsp; Igualmente, la embajadora expres\u00f3 su agradecimiento a la Casa de Am\u00e9rica Latina por abrir las puertas al teatro dominicano.&nbsp;<\/p>\n\n\n\n<p>El evento cultural logr\u00f3 cautivar a los invitados, sumergi\u00e9ndose en una experiencia visual, sonora y teatral, donde el cuerpo femenino fue exaltado como un instrumento de resistencia, afirmando a su vez una feminidad emancipada de todo yugo mis\u00f3gino.&nbsp;<\/p>\n\n\n\n<figure class=\"wp-block-image size-full\"><img loading=\"lazy\" decoding=\"async\" width=\"750\" height=\"568\" src=\"https:\/\/diariodominicano.com\/wp-content\/uploads\/2021\/11\/Mo\u0301nica-Sagues-Carolina-Meji\u0301a-Laura-Santana-Licelotte-Nin-Sra.-Rosa-Herna\u0301ndez-de-Grullo\u0301n-Clara-Casanova-Massiel-Medina-Melissa-Marcelino-Gabriela-Rodri\u0301guez..png\" alt=\"\" class=\"wp-image-311548\" srcset=\"https:\/\/diariodominicano.com\/wp-content\/uploads\/2021\/11\/Mo\u0301nica-Sagues-Carolina-Meji\u0301a-Laura-Santana-Licelotte-Nin-Sra.-Rosa-Herna\u0301ndez-de-Grullo\u0301n-Clara-Casanova-Massiel-Medina-Melissa-Marcelino-Gabriela-Rodri\u0301guez..png 750w, https:\/\/diariodominicano.com\/wp-content\/uploads\/2021\/11\/Mo\u0301nica-Sagues-Carolina-Meji\u0301a-Laura-Santana-Licelotte-Nin-Sra.-Rosa-Herna\u0301ndez-de-Grullo\u0301n-Clara-Casanova-Massiel-Medina-Melissa-Marcelino-Gabriela-Rodri\u0301guez.-300x227.png 300w\" sizes=\"auto, (max-width: 750px) 100vw, 750px\" \/><\/figure>\n\n\n\n<p>El encuentro fue realizado con el apoyo del Ministerio de Asuntos Exteriores de la Rep\u00fablica Dominicana, con la asistencia de embajadores y miembros del cuerpo diplom\u00e1tico acreditados en Francia, funcionarios del servicio exterior dominicano, miembros de la comunidad dominicana en Francia y p\u00fablico en general.<\/p>\n\n\n\n<p><\/p>\n\n\n\n<p><strong>Embajada de la Rep\u00fablica Dominicana en la Rep\u00fablica Francesa.&nbsp;<\/strong><\/p>\n\n\n\n<p><strong>L\u00eda \u00c1lvarez L\u00f3pez<\/strong>&nbsp;&lt;lalvarez@mediaticos.com.do&gt;<\/p>\n","protected":false},"excerpt":{"rendered":"<p>Destacan el hero\u00edsmo y el legado que mantiene viva la memoria de las hero\u00ednas dominicanas Par\u00eds, Francia. \u2013&nbsp; En el marco de la conmemoraci\u00f3n del D\u00eda Internacional de la Eliminaci\u00f3n de la Violencia contra la Mujer, la Embajada de la Rep\u00fablica Dominicana en Francia organiz\u00f3 la actividad cultural \u00abPaisajes de Resistencia\u00bb. La ambiciosa propuesta incluy\u00f3 [&hellip;]<\/p>\n","protected":false},"author":28,"featured_media":0,"comment_status":"closed","ping_status":"","sticky":true,"template":"","format":"standard","meta":{"footnotes":""},"categories":[19,27],"tags":[],"class_list":["post-311427","post","type-post","status-publish","format-standard","hentry","category-mi-voz","category-portada"],"_links":{"self":[{"href":"https:\/\/diariodominicano.com\/index.php?rest_route=\/wp\/v2\/posts\/311427","targetHints":{"allow":["GET"]}}],"collection":[{"href":"https:\/\/diariodominicano.com\/index.php?rest_route=\/wp\/v2\/posts"}],"about":[{"href":"https:\/\/diariodominicano.com\/index.php?rest_route=\/wp\/v2\/types\/post"}],"author":[{"embeddable":true,"href":"https:\/\/diariodominicano.com\/index.php?rest_route=\/wp\/v2\/users\/28"}],"replies":[{"embeddable":true,"href":"https:\/\/diariodominicano.com\/index.php?rest_route=%2Fwp%2Fv2%2Fcomments&post=311427"}],"version-history":[{"count":5,"href":"https:\/\/diariodominicano.com\/index.php?rest_route=\/wp\/v2\/posts\/311427\/revisions"}],"predecessor-version":[{"id":311550,"href":"https:\/\/diariodominicano.com\/index.php?rest_route=\/wp\/v2\/posts\/311427\/revisions\/311550"}],"wp:attachment":[{"href":"https:\/\/diariodominicano.com\/index.php?rest_route=%2Fwp%2Fv2%2Fmedia&parent=311427"}],"wp:term":[{"taxonomy":"category","embeddable":true,"href":"https:\/\/diariodominicano.com\/index.php?rest_route=%2Fwp%2Fv2%2Fcategories&post=311427"},{"taxonomy":"post_tag","embeddable":true,"href":"https:\/\/diariodominicano.com\/index.php?rest_route=%2Fwp%2Fv2%2Ftags&post=311427"}],"curies":[{"name":"wp","href":"https:\/\/api.w.org\/{rel}","templated":true}]}}