{"id":311361,"date":"2021-11-26T14:45:25","date_gmt":"2021-11-26T18:45:25","guid":{"rendered":"http:\/\/diariodominicano.com\/?p=311361"},"modified":"2021-11-27T05:31:55","modified_gmt":"2021-11-27T09:31:55","slug":"envian-a-prision-a-un-hombre-que-participo-en-atraco-que-dejo-un-muerto-y-un-herido","status":"publish","type":"post","link":"https:\/\/diariodominicano.com\/?p=311361","title":{"rendered":"Env\u00edan a prisi\u00f3n a un  hombre que particip\u00f3 en atraco que dej\u00f3 un muerto y un herid"},"content":{"rendered":"\n<p><strong>HERMANAS MIRABAL, Rep\u00fablica Dominicana.-<\/strong>\u00a0Un juez del Distrito Judicial de la provincia Hermanas Mirabal impuso tres meses de prisi\u00f3n preventiva en contra de un hombre que atrac\u00f3 a punta de pistola a una mujer a la que despoj\u00f3 de tel\u00e9fonos celulares y dinero en efectivo, en un hecho en el que result\u00f3 herido un menor de edad, en Salcedo.<\/p>\n\n\n\n<p><strong>La jueza Yudelka de Le\u00f3n, del Juzgado de la Instrucci\u00f3n, impuso la medida de coerci\u00f3n en contra de William Enmanuel Reynoso Vargas, a quien el Ministerio P\u00fablico implica en el atraco a mano armada a la se\u00f1ora Lourdes Jim\u00e9nez, cuando ella se encontraba en su residencia junto a varios familiares.<\/strong><\/p>\n\n\n\n<p>El imputado cumplir\u00e1 la prisi\u00f3n preventiva en el Centro de Correcci\u00f3n y Rehabilitaci\u00f3n La Isleta en la ciudad de Moca, provincia Espaillat.<\/p>\n\n\n\n<p>En la medida de coerci\u00f3n, el Ministerio P\u00fablico establece que el 16 de noviembre pasado, el imputado William Enmanuel Reynoso Vargas, junto a hoy occiso Aneudy Guzm\u00e1n de Le\u00f3n, se present\u00f3 a bordo de una motocicleta a la casa de la v\u00edctima, en la secci\u00f3n Rancho Arriba, de Salcedo. Tras gritar que se trataba de un atraco, despoj\u00f3 a la mujer y a sus acompa\u00f1antes de tres tel\u00e9fonos celulares y 4,800 pesos en efectivo.<\/p>\n\n\n\n<p>La Fiscal\u00eda se\u00f1ala que los atracadores emprendieron la huida, pero se devolvieron a recoger el arma de fuego que se le hab\u00eda ca\u00eddo a uno de ellos, momento en el que varios vecinos trataron de atraparlos.<\/p>\n\n\n\n<p>Al verse perseguidos, los hombres repelieron a tiros, situaci\u00f3n en la que un menor de edad recibi\u00f3 un impacto de bala, uno de los ladrones falleci\u00f3, mientras Reynoso Vargas tambi\u00e9n cay\u00f3 herido.<\/p>\n\n\n\n<p>El fiscal investigador del caso, Pablo Osiris Molina Santos, ha calificado provisionalmente los hechos atribuidos a Reynoso Santos como violaci\u00f3n de los art\u00edculos 265, 266, 379, 382 y 383 del C\u00f3digo Penal Dominicano, as\u00ed como a los art\u00edculos 66 y 67 de la Ley 631-16, sobre Control y Regulaci\u00f3n de Armas, Municiones y Materiales Relacionados, en perjuicio de la v\u00edctima.<\/p>\n\n\n\n<p><strong>Direcci\u00f3n de Comunicaci\u00f3n y Prensa<\/strong><\/p>\n\n\n\n<p><strong>Procuradur\u00eda General-Ministerio P\u00fablico RD<\/strong><\/p>\n\n\n\n<p><strong>Viernes, 26 de noviembre de 2021.<\/strong><\/p>\n","protected":false},"excerpt":{"rendered":"<p>HERMANAS MIRABAL, Rep\u00fablica Dominicana.-\u00a0Un juez del Distrito Judicial de la provincia Hermanas Mirabal impuso tres meses de prisi\u00f3n preventiva en contra de un hombre que atrac\u00f3 a punta de pistola a una mujer a la que despoj\u00f3 de tel\u00e9fonos celulares y dinero en efectivo, en un hecho en el que result\u00f3 herido un menor de [&hellip;]<\/p>\n","protected":false},"author":2,"featured_media":311471,"comment_status":"closed","ping_status":"","sticky":true,"template":"","format":"standard","meta":{"footnotes":""},"categories":[24,27],"tags":[],"class_list":["post-311361","post","type-post","status-publish","format-standard","has-post-thumbnail","hentry","category-justicia-y-derecho","category-portada"],"_links":{"self":[{"href":"https:\/\/diariodominicano.com\/index.php?rest_route=\/wp\/v2\/posts\/311361","targetHints":{"allow":["GET"]}}],"collection":[{"href":"https:\/\/diariodominicano.com\/index.php?rest_route=\/wp\/v2\/posts"}],"about":[{"href":"https:\/\/diariodominicano.com\/index.php?rest_route=\/wp\/v2\/types\/post"}],"author":[{"embeddable":true,"href":"https:\/\/diariodominicano.com\/index.php?rest_route=\/wp\/v2\/users\/2"}],"replies":[{"embeddable":true,"href":"https:\/\/diariodominicano.com\/index.php?rest_route=%2Fwp%2Fv2%2Fcomments&post=311361"}],"version-history":[{"count":4,"href":"https:\/\/diariodominicano.com\/index.php?rest_route=\/wp\/v2\/posts\/311361\/revisions"}],"predecessor-version":[{"id":311520,"href":"https:\/\/diariodominicano.com\/index.php?rest_route=\/wp\/v2\/posts\/311361\/revisions\/311520"}],"wp:featuredmedia":[{"embeddable":true,"href":"https:\/\/diariodominicano.com\/index.php?rest_route=\/wp\/v2\/media\/311471"}],"wp:attachment":[{"href":"https:\/\/diariodominicano.com\/index.php?rest_route=%2Fwp%2Fv2%2Fmedia&parent=311361"}],"wp:term":[{"taxonomy":"category","embeddable":true,"href":"https:\/\/diariodominicano.com\/index.php?rest_route=%2Fwp%2Fv2%2Fcategories&post=311361"},{"taxonomy":"post_tag","embeddable":true,"href":"https:\/\/diariodominicano.com\/index.php?rest_route=%2Fwp%2Fv2%2Ftags&post=311361"}],"curies":[{"name":"wp","href":"https:\/\/api.w.org\/{rel}","templated":true}]}}