{"id":311352,"date":"2021-11-26T14:20:26","date_gmt":"2021-11-26T18:20:26","guid":{"rendered":"http:\/\/diariodominicano.com\/?p=311352"},"modified":"2021-11-26T14:21:01","modified_gmt":"2021-11-26T18:21:01","slug":"presidente-abinader-entrega-nuevo-destacamento-en-cambita-san-cristobal","status":"publish","type":"post","link":"https:\/\/diariodominicano.com\/?p=311352","title":{"rendered":"Presidente Abinader entrega nuevo destacamento PN en Cambita, San Crist\u00f3bal"},"content":{"rendered":"\n<p>\u00a0<\/p>\n\n\n\n<p><\/p>\n\n\n\n<p><strong>Reitera respaldo a la Polic\u00eda Nacional en la prevenci\u00f3n del delito.<\/strong><\/p>\n\n\n\n<p><strong>Cambita, San Crist\u00f3bal.-<\/strong> El presidente de la Rep\u00fablica, Luis Abinader, inaugur\u00f3 hoy un nuevo destacamento policial en esta comunidad, donde garantiz\u00f3 el respaldo necesario para que el director de la Polic\u00eda Nacional, mayor general Eduardo Alberto Then, siga mejorando la seguridad ciudadana.<\/p>\n\n\n\n<p>El mandatario sostuvo, adem\u00e1s, que ahora Cambita, Garabitos, cuenta con una dotaci\u00f3n policial como se merece.<\/p>\n\n\n\n<figure class=\"wp-block-image size-large\"><img loading=\"lazy\" decoding=\"async\" width=\"1024\" height=\"682\" src=\"https:\/\/diariodominicano.com\/wp-content\/uploads\/2021\/11\/destacamento-1024x682.jpg\" alt=\"\" class=\"wp-image-311355\" srcset=\"https:\/\/diariodominicano.com\/wp-content\/uploads\/2021\/11\/destacamento-1024x682.jpg 1024w, https:\/\/diariodominicano.com\/wp-content\/uploads\/2021\/11\/destacamento-300x200.jpg 300w, https:\/\/diariodominicano.com\/wp-content\/uploads\/2021\/11\/destacamento-768x512.jpg 768w, https:\/\/diariodominicano.com\/wp-content\/uploads\/2021\/11\/destacamento-816x544.jpg 816w, https:\/\/diariodominicano.com\/wp-content\/uploads\/2021\/11\/destacamento.jpg 1280w\" sizes=\"auto, (max-width: 1024px) 100vw, 1024px\" \/><\/figure>\n\n\n\n<p>\u00abEsto es lo que se merece la gente de Cambita, un destacamento digno y le vamos a dar al general Then todo el apoyo para mantener la mayor seguridad aqu\u00ed y tambi\u00e9n de manera creciente en todo el pa\u00eds\u00bb, dijo.<\/p>\n\n\n\n<p>Al hablar brevemente durante el acto, el jefe de Estado reiter\u00f3 que la seguridad ciudadana es una prioridad, por lo que cada d\u00eda se ir\u00e1 mejorando en todo el pa\u00eds.&nbsp;&nbsp;&nbsp;&nbsp;&nbsp;&nbsp;<\/p>\n\n\n\n<p>\u00abMe siento aqu\u00ed como en mi casa y le tengo un cari\u00f1o especial a toda su gente\u00bb, dijo el presidente Abinader.&nbsp;&nbsp;<\/p>\n\n\n\n<p><strong>Obra fue donada por EGHIG<\/strong><\/p>\n\n\n\n<p>En tanto que \u00c1ngel Rafael Salazar, director de la Empresa de Generaci\u00f3n Hedroheel\u00e9ctrica Dominicana (EGHID), dijo estar comprometido con la instituci\u00f3n que dirige y con la seguridad de Cambita.&nbsp;<\/p>\n\n\n\n<p>Destac\u00f3 que la obra fue desarrollada como parte del Programa de Responsabilidad Social Empresarial de EGEHID, tras precisar durante m\u00e1s de una d\u00e9cada la poblaci\u00f3n expresaba la necesidad de una dotaci\u00f3n policial.<\/p>\n\n\n\n<p>Agreg\u00f3 que con la nueva edificaci\u00f3n se mejorar\u00e1n las condiciones en las que los agentes ofrecer\u00e1n sus servicios, lo cual contribuir\u00e1 para mejorar la protecci\u00f3n de los mun\u00edcipes y los visitantes de la ciudad.<\/p>\n\n\n\n<p><strong>Agradece<\/strong><\/p>\n\n\n\n<p>De su lado, el mayor general Alberto Then agradeci\u00f3 el respaldo del presidente Abinader y se comprometi\u00f3 a trabajar sin descanso para garantizar la paz y la tranquilidad de los residentes de Cambita y todo el pa\u00eds.<\/p>\n\n\n\n<p><strong>Prensa Polic\u00eda Nacional<\/strong><\/p>\n","protected":false},"excerpt":{"rendered":"<p>\u00a0 Reitera respaldo a la Polic\u00eda Nacional en la prevenci\u00f3n del delito. Cambita, San Crist\u00f3bal.- El presidente de la Rep\u00fablica, Luis Abinader, inaugur\u00f3 hoy un nuevo destacamento policial en esta comunidad, donde garantiz\u00f3 el respaldo necesario para que el director de la Polic\u00eda Nacional, mayor general Eduardo Alberto Then, siga mejorando la seguridad ciudadana. El [&hellip;]<\/p>\n","protected":false},"author":2,"featured_media":311353,"comment_status":"closed","ping_status":"","sticky":true,"template":"","format":"standard","meta":{"footnotes":""},"categories":[20,27],"tags":[],"class_list":["post-311352","post","type-post","status-publish","format-standard","has-post-thumbnail","hentry","category-dominicana-hoy","category-portada"],"_links":{"self":[{"href":"https:\/\/diariodominicano.com\/index.php?rest_route=\/wp\/v2\/posts\/311352","targetHints":{"allow":["GET"]}}],"collection":[{"href":"https:\/\/diariodominicano.com\/index.php?rest_route=\/wp\/v2\/posts"}],"about":[{"href":"https:\/\/diariodominicano.com\/index.php?rest_route=\/wp\/v2\/types\/post"}],"author":[{"embeddable":true,"href":"https:\/\/diariodominicano.com\/index.php?rest_route=\/wp\/v2\/users\/2"}],"replies":[{"embeddable":true,"href":"https:\/\/diariodominicano.com\/index.php?rest_route=%2Fwp%2Fv2%2Fcomments&post=311352"}],"version-history":[{"count":2,"href":"https:\/\/diariodominicano.com\/index.php?rest_route=\/wp\/v2\/posts\/311352\/revisions"}],"predecessor-version":[{"id":311357,"href":"https:\/\/diariodominicano.com\/index.php?rest_route=\/wp\/v2\/posts\/311352\/revisions\/311357"}],"wp:featuredmedia":[{"embeddable":true,"href":"https:\/\/diariodominicano.com\/index.php?rest_route=\/wp\/v2\/media\/311353"}],"wp:attachment":[{"href":"https:\/\/diariodominicano.com\/index.php?rest_route=%2Fwp%2Fv2%2Fmedia&parent=311352"}],"wp:term":[{"taxonomy":"category","embeddable":true,"href":"https:\/\/diariodominicano.com\/index.php?rest_route=%2Fwp%2Fv2%2Fcategories&post=311352"},{"taxonomy":"post_tag","embeddable":true,"href":"https:\/\/diariodominicano.com\/index.php?rest_route=%2Fwp%2Fv2%2Ftags&post=311352"}],"curies":[{"name":"wp","href":"https:\/\/api.w.org\/{rel}","templated":true}]}}