{"id":311348,"date":"2021-11-26T14:13:19","date_gmt":"2021-11-26T18:13:19","guid":{"rendered":"http:\/\/diariodominicano.com\/?p=311348"},"modified":"2021-11-26T14:13:19","modified_gmt":"2021-11-26T18:13:19","slug":"gobierno-anuncia-estrategia-integral-de-seguridad-ciudadana-sera-implementada-en-la-vega-en-primer-trimestre-de-2022","status":"publish","type":"post","link":"https:\/\/diariodominicano.com\/?p=311348","title":{"rendered":"Gobierno anuncia Estrategia Integral de Seguridad Ciudadana ser\u00e1 implementada en La Vega en primer trimestre de 2022"},"content":{"rendered":"\n<p>diariodominicano.com<\/p>\n\n\n\n<p>La Vega, 26 de noviembre, 2021.-  El Gobierno, a trav\u00e9s del Ministerio\u00a0de Interior y Polic\u00eda, revel\u00f3 que ultiman detalles para dejar en funcionamiento en La Vega, en el primer trimestre del a\u00f1o venidero, la Estrategia Integral de Seguridad Ciudadana \u00abMi Pa\u00eds Seguro\u00bb.\u00a0Confiados en que dejar\u00e1 resultados positivos, tal y como ha ocurrido en San Francisco de Macor\u00eds, Cristo Rey, La Zurza, La Puya de Arroyo Hondo, y el ensanche La Fe del Distrito Nacional.<\/p>\n\n\n\n<p>Al encabezar el conversatorio sobre Seguridad Ciudadana en la alcald\u00eda de La Vega, en presencia del director de la Polic\u00eda Nacional, el presidente de la DNCD, el alcalde Kelvin Cruz y dem\u00e1s autoridades de la provincia, el ministro Jes\u00fas V\u00e1squez Mart\u00ednez calific\u00f3 de trascendental el apoyo dado a la iniciativa por los distintos sectores de esa ciudad, por lo que dijo confiar en los resultados venideros.<\/p>\n\n\n\n<p>Adem\u00e1s, indic\u00f3 que el tema de la seguridad ciudadana debe contar con el esfuerzo de todos para lograr los mejores \u00e9xitos.<\/p>\n\n\n\n<p>De igual forma, resalt\u00f3 el trabajo que viene realizando el mayor general Alberto Then y el presidente de la Direcci\u00f3n Nacional de Drogas (DNCD), vicealmirante Jos\u00e9 Manuel Cabrera Ulloa, en el combate contra el crimen organizado.<\/p>\n\n\n\n<p><strong>PN Garantiza Seguridad<\/strong><\/p>\n\n\n\n<p>El director general de la Polic\u00eda Nacional, mayor general Eduardo Alberto Then, garantiz\u00f3 que la ciudadan\u00eda disfrutar\u00e1 de mejores niveles de seguridad en esa provincia y todo el pa\u00eds, ya que se trabaja con entrega, planificaci\u00f3n y respaldo decidido del presidente de la Rep\u00fablica, Luis Abinader, bajo las directrices del ministro de Interior, Jes\u00fas V\u00e1squez Mart\u00ednez.<\/p>\n\n\n\n<p>El alto oficial afirm\u00f3 que a partir de este jueves se hablar\u00e1 de un antes y un despu\u00e9s en La Vega en materia de seguridad ciudadana.&nbsp;<\/p>\n\n\n\n<p>\u201cEstamos comprometidos con darle a La Vega todo el apoyo que sea necesario para recuperar los espacios y que la gente buena viva en paz\u201d, dijo, al tiempo de anunciar la incorporaci\u00f3n de 5 motocicletas nuevas, una camioneta del a\u00f1o y la reparaci\u00f3n de otras 5 unidades patrulleras.<\/p>\n\n\n\n<p>Record\u00f3 que en otras ocasiones ha tenido que intervenir en La Vega para imponer el orden y que ahora lo est\u00e1 haciendo desde la Direcci\u00f3n General de la instituci\u00f3n.<\/p>\n\n\n\n<p>Reafirm\u00f3 su compromiso con la transparencia, tras advertir que no hay razones para que un polic\u00eda se dedique al \u201cmacuteo\u201d. El mismo presidente Abinader y el ministro V\u00e1squez Mart\u00ednez reconocen que los polic\u00edas ganan poco, \u201cpero eso no es pretexto para macutear. El que no est\u00e9 dispuesto a someterse a la disciplina que pida su baja\u201d.<\/p>\n\n\n\n<p>Al encuentro tambi\u00e9n asistieron los viceministros de Interior y Polic\u00eda \u00c1ngela J\u00e1quez y Jes\u00fas F\u00e9liz, el senador Ram\u00f3n Rogelio Genao, la gobernadora Luisa Altagracia Jim\u00e9nez, as\u00ed como representantes de todas las iglesias y l\u00edderes comunitarios.<\/p>\n\n\n\n<p>Fuente: Direcci\u00f3n de Estrategia y Comunicaci\u00f3n Gubernamental<\/p>\n\n\n\n<p>Ministerio Administrativo de la Presidencia de la Rep\u00fablica Dominicana<\/p>\n","protected":false},"excerpt":{"rendered":"<p>diariodominicano.com La Vega, 26 de noviembre, 2021.- El Gobierno, a trav\u00e9s del Ministerio\u00a0de Interior y Polic\u00eda, revel\u00f3 que ultiman detalles para dejar en funcionamiento en La Vega, en el primer trimestre del a\u00f1o venidero, la Estrategia Integral de Seguridad Ciudadana \u00abMi Pa\u00eds Seguro\u00bb.\u00a0Confiados en que dejar\u00e1 resultados positivos, tal y como ha ocurrido en San [&hellip;]<\/p>\n","protected":false},"author":5,"featured_media":311349,"comment_status":"closed","ping_status":"","sticky":true,"template":"","format":"standard","meta":{"footnotes":""},"categories":[24,27],"tags":[],"class_list":["post-311348","post","type-post","status-publish","format-standard","has-post-thumbnail","hentry","category-justicia-y-derecho","category-portada"],"_links":{"self":[{"href":"https:\/\/diariodominicano.com\/index.php?rest_route=\/wp\/v2\/posts\/311348","targetHints":{"allow":["GET"]}}],"collection":[{"href":"https:\/\/diariodominicano.com\/index.php?rest_route=\/wp\/v2\/posts"}],"about":[{"href":"https:\/\/diariodominicano.com\/index.php?rest_route=\/wp\/v2\/types\/post"}],"author":[{"embeddable":true,"href":"https:\/\/diariodominicano.com\/index.php?rest_route=\/wp\/v2\/users\/5"}],"replies":[{"embeddable":true,"href":"https:\/\/diariodominicano.com\/index.php?rest_route=%2Fwp%2Fv2%2Fcomments&post=311348"}],"version-history":[{"count":1,"href":"https:\/\/diariodominicano.com\/index.php?rest_route=\/wp\/v2\/posts\/311348\/revisions"}],"predecessor-version":[{"id":311350,"href":"https:\/\/diariodominicano.com\/index.php?rest_route=\/wp\/v2\/posts\/311348\/revisions\/311350"}],"wp:featuredmedia":[{"embeddable":true,"href":"https:\/\/diariodominicano.com\/index.php?rest_route=\/wp\/v2\/media\/311349"}],"wp:attachment":[{"href":"https:\/\/diariodominicano.com\/index.php?rest_route=%2Fwp%2Fv2%2Fmedia&parent=311348"}],"wp:term":[{"taxonomy":"category","embeddable":true,"href":"https:\/\/diariodominicano.com\/index.php?rest_route=%2Fwp%2Fv2%2Fcategories&post=311348"},{"taxonomy":"post_tag","embeddable":true,"href":"https:\/\/diariodominicano.com\/index.php?rest_route=%2Fwp%2Fv2%2Ftags&post=311348"}],"curies":[{"name":"wp","href":"https:\/\/api.w.org\/{rel}","templated":true}]}}