{"id":311326,"date":"2021-11-26T13:43:54","date_gmt":"2021-11-26T17:43:54","guid":{"rendered":"http:\/\/diariodominicano.com\/?p=311326"},"modified":"2021-11-26T13:43:54","modified_gmt":"2021-11-26T17:43:54","slug":"rd-participa-con-188-atletas-en-los-juegos-panamericanos-juveniles-celebrados-en-cali-colombia","status":"publish","type":"post","link":"https:\/\/diariodominicano.com\/?p=311326","title":{"rendered":"RD participa con 188 atletas en los Juegos Panamericanos Juveniles celebrados en Cali, Colombia"},"content":{"rendered":"\n<p>diariodominicano.com<\/p>\n\n\n\n<p>Cali Valle, Colombia, 26 de noviembre, 2021.-\u00a0 Con una ceremonia espectacular, que incluy\u00f3 la participaci\u00f3n de artistas locales de proyecci\u00f3n internacional, luces y fuegos artificiales, fue inaugurada en la noche de ayer la primera edici\u00f3n de los Juegos Panamericanos Juveniles, en el emblem\u00e1tico estadio Pascual Guerrero de esta ciudad.<\/p>\n\n\n\n<p>El evento continental, que se extender\u00e1 hasta el 5 de diciembre pr\u00f3ximo, re\u00fane a m\u00e1s de 3,500 atletas en representaci\u00f3n de 41 pa\u00edses.<\/p>\n\n\n\n<p>La puesta en escena de la ceremonia inaugural dio apoyo y resalt\u00f3 la riqueza afrocolombiana, la esencia ind\u00edgena, el elemento urbano, junto al poder de la esencia mestiza y de la salsa.<\/p>\n\n\n\n<p>La Rep\u00fablica Dominicana participa en los Juegos con 188 atletas en 26 deportes y en el desfile de las delegaciones su bandera fue portada por la judoca Moira Morillo y Alex\u00e1nder Ogando, de atletismo.<\/p>\n\n\n\n<p>Desfilaron, como parte de la delegaci\u00f3n Quisqueya, el ministro de Deportes y Recreaci\u00f3n, Francisco Camacho; el presidente del Comit\u00e9 Ol\u00edmpico Dominicano, Antonio Acosta, y el jefe de la Misi\u00f3n, Luis Chanlatte, entre otros.<\/p>\n\n\n\n<p>Luego del desfile de los atletas, ingresaron al estadio las banderas de Panam Sports y el Comit\u00e9 Ol\u00edmpico Internacional.<\/p>\n\n\n\n<p>Como parte de la programaci\u00f3n, pronunciaron discursos el ministro de Deportes de Colombia, Guillermo Herrera Casta\u00f1o, y el presidente de Panam Sports, Neven IIic.<\/p>\n\n\n\n<p><strong>Hoy inicia el b\u00e9isbol, boxeo y taekwondo<\/strong><\/p>\n\n\n\n<p>El torneo de b\u00e9isbol de los Juegos iniciar\u00e1 hoy en el estadio Edgar Renter\u00eda de Barranquilla, con un partido del Grupo Uno entre Rep\u00fablica Dominicana y Colombia. Este encuentro empezar\u00e1 a las 8:30 de la noche, hora dominicana.<\/p>\n\n\n\n<p>Hoy tambi\u00e9n arrancan los eventos de boxeo, en Buga Valle; de taekwondo, en el coliseo de Hockey Miguel Calero, en Cali, y de voleibol masculino, en el coliseo Evangelista Mora.<\/p>\n\n\n\n<p>Igualmente, se iniciar\u00e1n en este d\u00eda las competencias de ciclismo BMX, gimnasio art\u00edstico, judo, pesas, b\u00e1dminton,\u00a0<em>skateboarding<\/em>, tiro con arco, triatl\u00f3n, balonmano femenino, canotaje de velocidad, entre otros.<\/p>\n\n\n\n<p>Fuente: Direcci\u00f3n de Estrategia y Comunicaci\u00f3n Gubernamental<\/p>\n\n\n\n<p>Ministerio Administrativo de la Presidencia de la Rep\u00fablica Dominicana<\/p>\n","protected":false},"excerpt":{"rendered":"<p>diariodominicano.com Cali Valle, Colombia, 26 de noviembre, 2021.-\u00a0 Con una ceremonia espectacular, que incluy\u00f3 la participaci\u00f3n de artistas locales de proyecci\u00f3n internacional, luces y fuegos artificiales, fue inaugurada en la noche de ayer la primera edici\u00f3n de los Juegos Panamericanos Juveniles, en el emblem\u00e1tico estadio Pascual Guerrero de esta ciudad. El evento continental, que se [&hellip;]<\/p>\n","protected":false},"author":5,"featured_media":311330,"comment_status":"closed","ping_status":"","sticky":true,"template":"","format":"standard","meta":{"footnotes":""},"categories":[17,27],"tags":[],"class_list":["post-311326","post","type-post","status-publish","format-standard","has-post-thumbnail","hentry","category-deportes","category-portada"],"_links":{"self":[{"href":"https:\/\/diariodominicano.com\/index.php?rest_route=\/wp\/v2\/posts\/311326","targetHints":{"allow":["GET"]}}],"collection":[{"href":"https:\/\/diariodominicano.com\/index.php?rest_route=\/wp\/v2\/posts"}],"about":[{"href":"https:\/\/diariodominicano.com\/index.php?rest_route=\/wp\/v2\/types\/post"}],"author":[{"embeddable":true,"href":"https:\/\/diariodominicano.com\/index.php?rest_route=\/wp\/v2\/users\/5"}],"replies":[{"embeddable":true,"href":"https:\/\/diariodominicano.com\/index.php?rest_route=%2Fwp%2Fv2%2Fcomments&post=311326"}],"version-history":[{"count":1,"href":"https:\/\/diariodominicano.com\/index.php?rest_route=\/wp\/v2\/posts\/311326\/revisions"}],"predecessor-version":[{"id":311331,"href":"https:\/\/diariodominicano.com\/index.php?rest_route=\/wp\/v2\/posts\/311326\/revisions\/311331"}],"wp:featuredmedia":[{"embeddable":true,"href":"https:\/\/diariodominicano.com\/index.php?rest_route=\/wp\/v2\/media\/311330"}],"wp:attachment":[{"href":"https:\/\/diariodominicano.com\/index.php?rest_route=%2Fwp%2Fv2%2Fmedia&parent=311326"}],"wp:term":[{"taxonomy":"category","embeddable":true,"href":"https:\/\/diariodominicano.com\/index.php?rest_route=%2Fwp%2Fv2%2Fcategories&post=311326"},{"taxonomy":"post_tag","embeddable":true,"href":"https:\/\/diariodominicano.com\/index.php?rest_route=%2Fwp%2Fv2%2Ftags&post=311326"}],"curies":[{"name":"wp","href":"https:\/\/api.w.org\/{rel}","templated":true}]}}