{"id":311321,"date":"2021-11-26T13:39:42","date_gmt":"2021-11-26T17:39:42","guid":{"rendered":"http:\/\/diariodominicano.com\/?p=311321"},"modified":"2021-11-26T13:39:42","modified_gmt":"2021-11-26T17:39:42","slug":"confirman-nueva-variante-de-coronavirus-en-belgica","status":"publish","type":"post","link":"https:\/\/diariodominicano.com\/?p=311321","title":{"rendered":"Confirman nueva variante de coronavirus en B\u00e9lgica"},"content":{"rendered":"\n<p>diariodominicano.com<\/p>\n\n\n\n<pre id=\"text-news-description\" class=\"wp-block-preformatted\"> BRUSELAS, 26 nov (Xinhua) -- Una nueva variante del coronavirus causante de la COVID-19, conocida como B.1.1.529, ha sido confirmada en B\u00e9lgica, dijo hoy viernes el ministro belga de Salud y Asuntos Sociales, Franck Vandenbroucke.\n   Se analizaron dos muestras sospechosas, dijo el vir\u00f3logo belga Marc Van Ranst de la Universidad Cat\u00f3lica de Lovaina. Una muestra fue confirmada como la nueva B.1.1.529, tuite\u00f3 el vir\u00f3logo hoy viernes.\n   La nueva variante detectada por primera vez en Sud\u00e1frica presenta alteraciones \"inusuales\" que son preocupantes, ya que pueden permitirle evadir el sistema inmunol\u00f3gico y volverse m\u00e1s transmisible.\n   B\u00e9lgica decidi\u00f3 hoy suspender los vuelos desde la regi\u00f3n del sur de \u00c1frica, siguiendo una propuesta de la Comisi\u00f3n Europea. Los viajeros belgas que regresan de Sud\u00e1frica y otros pa\u00edses cercanos deben cumplir con una cuarentena de diez d\u00edas.\n   Varios pa\u00edses europeos, en particular Reino Unido, Alemania e Italia, ya han decidido cerrar sus fronteras a la regi\u00f3n. <\/pre>\n","protected":false},"excerpt":{"rendered":"<p>diariodominicano.com BRUSELAS, 26 nov (Xinhua) &#8212; Una nueva variante del coronavirus causante de la COVID-19, conocida como B.1.1.529, ha sido confirmada en B\u00e9lgica, dijo hoy viernes el ministro belga de Salud y Asuntos Sociales, Franck Vandenbroucke. Se analizaron dos muestras sospechosas, dijo el vir\u00f3logo belga Marc Van Ranst de la Universidad Cat\u00f3lica de Lovaina. Una [&hellip;]<\/p>\n","protected":false},"author":5,"featured_media":311324,"comment_status":"closed","ping_status":"","sticky":true,"template":"","format":"standard","meta":{"footnotes":""},"categories":[23,27],"tags":[],"class_list":["post-311321","post","type-post","status-publish","format-standard","has-post-thumbnail","hentry","category-internacional","category-portada"],"_links":{"self":[{"href":"https:\/\/diariodominicano.com\/index.php?rest_route=\/wp\/v2\/posts\/311321","targetHints":{"allow":["GET"]}}],"collection":[{"href":"https:\/\/diariodominicano.com\/index.php?rest_route=\/wp\/v2\/posts"}],"about":[{"href":"https:\/\/diariodominicano.com\/index.php?rest_route=\/wp\/v2\/types\/post"}],"author":[{"embeddable":true,"href":"https:\/\/diariodominicano.com\/index.php?rest_route=\/wp\/v2\/users\/5"}],"replies":[{"embeddable":true,"href":"https:\/\/diariodominicano.com\/index.php?rest_route=%2Fwp%2Fv2%2Fcomments&post=311321"}],"version-history":[{"count":1,"href":"https:\/\/diariodominicano.com\/index.php?rest_route=\/wp\/v2\/posts\/311321\/revisions"}],"predecessor-version":[{"id":311325,"href":"https:\/\/diariodominicano.com\/index.php?rest_route=\/wp\/v2\/posts\/311321\/revisions\/311325"}],"wp:featuredmedia":[{"embeddable":true,"href":"https:\/\/diariodominicano.com\/index.php?rest_route=\/wp\/v2\/media\/311324"}],"wp:attachment":[{"href":"https:\/\/diariodominicano.com\/index.php?rest_route=%2Fwp%2Fv2%2Fmedia&parent=311321"}],"wp:term":[{"taxonomy":"category","embeddable":true,"href":"https:\/\/diariodominicano.com\/index.php?rest_route=%2Fwp%2Fv2%2Fcategories&post=311321"},{"taxonomy":"post_tag","embeddable":true,"href":"https:\/\/diariodominicano.com\/index.php?rest_route=%2Fwp%2Fv2%2Ftags&post=311321"}],"curies":[{"name":"wp","href":"https:\/\/api.w.org\/{rel}","templated":true}]}}