{"id":311317,"date":"2021-11-26T13:33:15","date_gmt":"2021-11-26T17:33:15","guid":{"rendered":"http:\/\/diariodominicano.com\/?p=311317"},"modified":"2021-11-26T14:07:18","modified_gmt":"2021-11-26T18:07:18","slug":"gobierno-logra-autosuficiencia-en-arroz-abastecimiento-supera-los-13-millones-de-quintales","status":"publish","type":"post","link":"https:\/\/diariodominicano.com\/?p=311317","title":{"rendered":"Ministro de Agricultura: Gobierno logra autosuficiencia en arroz; abastecimiento supera los 13 millones de quintales"},"content":{"rendered":"\n<p>diariodominicano.com<\/p>\n\n\n\n<p><strong>Bonao, Monse\u00f1or Nouel, R. D.,  26 de noviembre, 2021.\u2013\u00a0 <\/strong>El ministro de Agricultura Limber Cruz,  inform\u00f3 que con  la \u00faltima cosecha de  arroz del a\u00f1o, el Gobierno logr\u00f3 que el pa\u00eds alcance la autosuficiencia en el cultivo de arroz tras superar los 13 millones de quintales. Dijo que esto  determina que no ser\u00e1 necesario importar el cereal. <\/p>\n\n\n\n<p>El apoyo econ\u00f3mico y tecnol\u00f3gico al sector arrocero, dispuesto por el presidente de la Rep\u00fablica Luis Abinader, permiti\u00f3 aumentar en un 20 % el rendimiento de la cosecha, con lo que se garantiza el abastecimiento y la estabilidad en los precios.&nbsp;<\/p>\n\n\n\n<p><strong>El ministro de Agricultura se\u00f1al\u00f3 que el \u00e9xito de la cosecha del cereal se debi\u00f3 al desarrollo de variedades que pueden producir m\u00e1s con menos inversi\u00f3n. Entre ellas est\u00e1 la Juma 69-20, que constituy\u00f3 el 60 % de la producci\u00f3n nacional y logr\u00f3 un rendimiento de un 20%.<\/strong><\/p>\n\n\n\n<p>\u201cDesde el laboratorio Bio-Arroz, estamos haciendo ensayos con otra variedad, la Juma 70-22, con la que podremos decir adi\u00f3s a la importaci\u00f3n. Tenemos un abastecimiento de m\u00e1s de 13 millones de quintales y gracias a esta superproducci\u00f3n no tenemos que importar un solo grano de arroz\u201d, indic\u00f3 Cruz.&nbsp;<\/p>\n\n\n\n<p><strong>Otras ejecutorias<\/strong><\/p>\n\n\n\n<p>Junto al presidente Abinader, el ministro Cruz encabez\u00f3 un almuerzo con autoridades del sector agropecuario de la provincia Monse\u00f1or Nouel, productores de caf\u00e9, cacao y ganaderos. All\u00ed se presentaron las ejecutorias realizadas en favor de la seguridad alimentaria del pa\u00eds.<\/p>\n\n\n\n<p>El titular de Agricultura dijo que el gobierno destin\u00f3 m\u00e1s de 558 millones a tasa cero y preferencial a trav\u00e9s del Banco Agr\u00edcola para impulsar la agropecuaria de la zona.<\/p>\n\n\n\n<p>En cuanto a preparaci\u00f3n gratuita de tierras para el cultivo de rubros como ma\u00edz h\u00edbrido, guandules, aj\u00edes, lechuga, berenjenas, pepinos, auyama, pl\u00e1tanos y habichuelas, fueron intervenidas 70 mil tareas en beneficio de mil agricultores.&nbsp;<\/p>\n\n\n\n<p>Tambi\u00e9n, la entidad repar\u00f3 cerca de 25 kil\u00f3metros, de un total 200 en caminos vecinales, y trabaj\u00f3 en la ampliaci\u00f3n de siete kil\u00f3metros de canales de riego con el apoyo del Instituto Nacional De Recursos Hidr\u00e1ulicos (INDRHI).<\/p>\n\n\n\n<p>Asimismo, unos 2,800 quintales de fertilizantes y 800 litros de fungicidas fueron donados a 337 productores de caf\u00e9, as\u00ed como se entregaron 378 mil pl\u00e1ntulas. Para impulsar el cultivo del cacao, se facilitaron 190 mil pl\u00e1ntulas y 168 quintales de fertilizantes a 84 agricultores beneficiados.<\/p>\n\n\n\n<p>En la actividad estuvieron presentes el administrador del Banco Agr\u00edcola, Fernando Dur\u00e1n; el director del INESPRE, Iv\u00e1n Hern\u00e1ndez, y Francisco Guillermo Garc\u00eda, del IAD. Tambi\u00e9n, Olmedo Caba, director del INDRHI, y Efra\u00edn Toribio del FEDA, as\u00ed como representantes del sector productivo y autoridades provinciales.<\/p>\n\n\n\n<p>Fuente: Direcci\u00f3n de Estrategia y Comunicaci\u00f3n Gubernamental<\/p>\n\n\n\n<p>Ministerio Administrativo de la Presidencia de la Rep\u00fablica Dominicana<\/p>\n","protected":false},"excerpt":{"rendered":"<p>diariodominicano.com Bonao, Monse\u00f1or Nouel, R. D., 26 de noviembre, 2021.\u2013\u00a0 El ministro de Agricultura Limber Cruz, inform\u00f3 que con la \u00faltima cosecha de arroz del a\u00f1o, el Gobierno logr\u00f3 que el pa\u00eds alcance la autosuficiencia en el cultivo de arroz tras superar los 13 millones de quintales. Dijo que esto determina que no ser\u00e1 necesario [&hellip;]<\/p>\n","protected":false},"author":5,"featured_media":311319,"comment_status":"closed","ping_status":"","sticky":true,"template":"","format":"standard","meta":{"footnotes":""},"categories":[20,27],"tags":[],"class_list":["post-311317","post","type-post","status-publish","format-standard","has-post-thumbnail","hentry","category-dominicana-hoy","category-portada"],"_links":{"self":[{"href":"https:\/\/diariodominicano.com\/index.php?rest_route=\/wp\/v2\/posts\/311317","targetHints":{"allow":["GET"]}}],"collection":[{"href":"https:\/\/diariodominicano.com\/index.php?rest_route=\/wp\/v2\/posts"}],"about":[{"href":"https:\/\/diariodominicano.com\/index.php?rest_route=\/wp\/v2\/types\/post"}],"author":[{"embeddable":true,"href":"https:\/\/diariodominicano.com\/index.php?rest_route=\/wp\/v2\/users\/5"}],"replies":[{"embeddable":true,"href":"https:\/\/diariodominicano.com\/index.php?rest_route=%2Fwp%2Fv2%2Fcomments&post=311317"}],"version-history":[{"count":4,"href":"https:\/\/diariodominicano.com\/index.php?rest_route=\/wp\/v2\/posts\/311317\/revisions"}],"predecessor-version":[{"id":311347,"href":"https:\/\/diariodominicano.com\/index.php?rest_route=\/wp\/v2\/posts\/311317\/revisions\/311347"}],"wp:featuredmedia":[{"embeddable":true,"href":"https:\/\/diariodominicano.com\/index.php?rest_route=\/wp\/v2\/media\/311319"}],"wp:attachment":[{"href":"https:\/\/diariodominicano.com\/index.php?rest_route=%2Fwp%2Fv2%2Fmedia&parent=311317"}],"wp:term":[{"taxonomy":"category","embeddable":true,"href":"https:\/\/diariodominicano.com\/index.php?rest_route=%2Fwp%2Fv2%2Fcategories&post=311317"},{"taxonomy":"post_tag","embeddable":true,"href":"https:\/\/diariodominicano.com\/index.php?rest_route=%2Fwp%2Fv2%2Ftags&post=311317"}],"curies":[{"name":"wp","href":"https:\/\/api.w.org\/{rel}","templated":true}]}}