{"id":311307,"date":"2021-11-26T13:24:34","date_gmt":"2021-11-26T17:24:34","guid":{"rendered":"http:\/\/diariodominicano.com\/?p=311307"},"modified":"2021-11-26T13:24:34","modified_gmt":"2021-11-26T17:24:34","slug":"presidente-abinader-inaugura-y-deja-iniciadas-obras-en-san-cristobal-por-mas-de-rd240-millones","status":"publish","type":"post","link":"https:\/\/diariodominicano.com\/?p=311307","title":{"rendered":"Presidente Abinader inaugura y deja iniciadas obras en San Crist\u00f3bal por m\u00e1s de RD$240 millones"},"content":{"rendered":"\n<p>diariodominicano.com<\/p>\n\n\n\n<p>San Crist\u00f3bal, R. D., 26 de noviembre, 2021.-\u00a0Con una inversi\u00f3n superior a los 240 millones de pesos, el presidente Luis Abinader encabez\u00f3 la inauguraci\u00f3n y primer palazo de diversas obras en esta provincia,\u00a0impactando en la seguridad ciudadana, viviendas, circulaci\u00f3n vial, educaci\u00f3n, el deporte, entre otras \u00e1reas.\u00a0<\/p>\n\n\n\n<p>Se trata de un conjunto de proyectos que evidencian la distribuci\u00f3n equitativa de las inversiones, beneficiando a las comunidades m\u00e1s vulnerables.<\/p>\n\n\n\n<p>El mandatario expres\u00f3 su alegr\u00eda al visitar nueva vez esta provincia,&nbsp;resaltando las grandes oportunidades que tiene por su producci\u00f3n de aguacate y energ\u00eda el\u00e9ctrica,&nbsp;as\u00ed como sus \u00e1reas tur\u00edsticas.&nbsp;<\/p>\n\n\n\n<p>A esto, agreg\u00f3, se suma el fortalecimiento de la seguridad ciudadana, con la inauguraci\u00f3n del cuartel policial de&nbsp;Cambita, con una inversi\u00f3n de 14 millones de pesos y la construcci\u00f3n de viviendas.&nbsp;<\/p>\n\n\n\n<p>\u201cLa seguridad ciudadana es una prioridad y la vamos a ir cambiando y mejorando cada d\u00eda\u201d, manifest\u00f3 el jefe de Estado.<\/p>\n\n\n\n<p>Sobre las nuevas viviendas,&nbsp;el mandatario, junto al director de Proyectos Estrat\u00e9gicos y Especiales de la Presidencia,&nbsp;Neney&nbsp;Cabrera, encabez\u00f3 el primer palazo para la construcci\u00f3n de 50 ecoviviendas que beneficiar\u00e1n a igual n\u00famero de familias damnificadas desde hace 23 a\u00f1os por el paso del hurac\u00e1n George.<\/p>\n\n\n\n<p>\u201cQueremos que la gente se acostumbre a vivir en el respeto y con sostenibilidad, en sinton\u00eda con la naturaleza\u201d, dijo el jefe de Estado.<\/p>\n\n\n\n<p>Este proyecto conlleva una inversi\u00f3n de&nbsp;cinco&nbsp;millones de pesos, reduce la dependencia de los agregados que provienen de los r\u00edos,&nbsp;y su construcci\u00f3n culminar\u00eda en un plazo aproximado de cinco meses, haci\u00e9ndolo mucho m\u00e1s r\u00e1pido y eficiente.<\/p>\n\n\n\n<p>En otro orden, el&nbsp;presidente encabez\u00f3 la inauguraci\u00f3n de un puente de 42 metros sobre el r\u00edo&nbsp;Yubazo&nbsp;en&nbsp;Cambita, construido con m\u00e1s de 54.5 millones de pesos y que une varios municipios con la Circunvalaci\u00f3n y Autopista 6 de noviembre.<\/p>\n\n\n\n<p>Durante el desarrollo del acto, el ministro de Obras P\u00fablicas,&nbsp;Deligne&nbsp;Ascenci\u00f3n, revel\u00f3 que actualmente dicha instituci\u00f3n trabaja en 540 obras en todo el territorionacional.&nbsp;<\/p>\n\n\n\n<p>De su lado, la gobernadora Pura Casillas destac\u00f3 que este puente podr\u00e1 alivianar el gran flujo vehicular que presenta esta zona durante los fines de semana,&nbsp;por la afluencia de personas que visitan los puntos tur\u00edsticos en Los Cacaos, La Toma y La Colonia.<\/p>\n\n\n\n<p><strong>Liceo, funeraria&nbsp;e&nbsp;instalaciones deportivas<\/strong><\/p>\n\n\n\n<p>La suma de todos los proyectos entregados e iniciados este jueves, indic\u00f3 la ministra&nbsp;Geanilda&nbsp;V\u00e1squez, refuerzan la calidad del gasto p\u00fablico, impactando en gran medida&nbsp;a diferentes comunidades con poca inversi\u00f3n.&nbsp;<\/p>\n\n\n\n<p>En horas de la tarde, el&nbsp;presidente Abinader encabez\u00f3 la inauguraci\u00f3n del liceo&nbsp;Ad\u00e1n&nbsp;Santana Sierra en&nbsp;Najayo, con un presupuesto superior a 82 millones de pesos.<\/p>\n\n\n\n<p>El centro educativo cuenta con 13 aulas, direcci\u00f3n, psicolog\u00eda, enfermer\u00eda, biblioteca, sal\u00f3n multiusos, cocina, comedor, espacios de recreaci\u00f3n y deportivos, juegos infantiles, \u00e1reas verdes y una plaza c\u00edvica.<\/p>\n\n\n\n<p>El ministro de Educaci\u00f3n, Roberto&nbsp;Fulcar, dijo que \u201ccada vez que inauguramos una nueva aula estamos reduciendo las probabilidades de delincuencia y preparando el camino para que nuestros ni\u00f1os y j\u00f3venes se capaciten\u201d.&nbsp;<\/p>\n\n\n\n<p>La amplia agenda de este d\u00eda, tambi\u00e9n incluy\u00f3 &nbsp;el inicio de los trabajos para la construcci\u00f3n de una funeraria, dos centros comunales, un local para la asociaci\u00f3n de estudiantes, aceras y contenes, unidad de atenci\u00f3n primaria en La Plena y una cancha en&nbsp;el&nbsp;Ingenio Nuevo.&nbsp;<\/p>\n\n\n\n<p>Este conjunto de obras conlleva una inversi\u00f3n de 62 millones de pesos.&nbsp;<\/p>\n\n\n\n<p>Mientras, un aproximado de 30 millones corresponde a la rehabilitaci\u00f3n del&nbsp;estadio&nbsp;Pablo G\u00f3mez en el distrito municipal El Carril, que incluye tambi\u00e9n una cancha para baloncesto y voleibol, parqueos, cafeter\u00eda, gradas, verja perimetral frontal, entre otras facilidades.&nbsp;<\/p>\n\n\n\n<p>Asimismo,&nbsp;un parque ubicado en la entrada de la Autopista 6 de noviembre y el acceso vehicular a la Circunvalaci\u00f3n.<\/p>\n\n\n\n<p>De igual modo,&nbsp;se aprob\u00f3 la inclusi\u00f3n de esta comunidad en el&nbsp;Plan de&nbsp;Titulaci\u00f3n, se dispuso el arreglo de la parroquia y se inici\u00f3 el plan de asfaltado en la provincia, tambi\u00e9n se indic\u00f3 al Ministerio de Turismo acondicionar Los Cacaos para que sea fuente de empleo y riqueza de la zona.&nbsp;<\/p>\n\n\n\n<p>Por \u00faltimo, el jefe de Estado dio el primer&nbsp;rolaso&nbsp;en la casa de Pascuala Puente para el programa Pinta Tu Barrio en la comunidad de Las Flores, el cual&nbsp;mejorar\u00e1 la fachada de 2,500 hogares en esta demarcaci\u00f3n.<\/p>\n\n\n\n<p>Se recuerda que este programa ya est\u00e1 en marcha en las provincias de Santo Domingo, Barahona y Monse\u00f1or&nbsp;Nouel.<\/p>\n\n\n\n<p>Estuvieron presentes el ministro Jos\u00e9 Ignacio Paliza; el director de la Polic\u00eda Nacional, Alberto\u00a0Then; el administrador de EGEHID, Rafael Salazar y otras personalidades.<\/p>\n\n\n\n<p>Fuente: Direcci\u00f3n de Estrategia y Comunicaci\u00f3n Gubernamental<\/p>\n\n\n\n<p>Ministerio Administrativo de la Presidencia de la Rep\u00fablica Dominicana<\/p>\n","protected":false},"excerpt":{"rendered":"<p>diariodominicano.com San Crist\u00f3bal, R. D., 26 de noviembre, 2021.-\u00a0Con una inversi\u00f3n superior a los 240 millones de pesos, el presidente Luis Abinader encabez\u00f3 la inauguraci\u00f3n y primer palazo de diversas obras en esta provincia,\u00a0impactando en la seguridad ciudadana, viviendas, circulaci\u00f3n vial, educaci\u00f3n, el deporte, entre otras \u00e1reas.\u00a0 Se trata de un conjunto de proyectos que [&hellip;]<\/p>\n","protected":false},"author":5,"featured_media":311309,"comment_status":"closed","ping_status":"","sticky":true,"template":"","format":"standard","meta":{"footnotes":""},"categories":[20,27],"tags":[],"class_list":["post-311307","post","type-post","status-publish","format-standard","has-post-thumbnail","hentry","category-dominicana-hoy","category-portada"],"_links":{"self":[{"href":"https:\/\/diariodominicano.com\/index.php?rest_route=\/wp\/v2\/posts\/311307","targetHints":{"allow":["GET"]}}],"collection":[{"href":"https:\/\/diariodominicano.com\/index.php?rest_route=\/wp\/v2\/posts"}],"about":[{"href":"https:\/\/diariodominicano.com\/index.php?rest_route=\/wp\/v2\/types\/post"}],"author":[{"embeddable":true,"href":"https:\/\/diariodominicano.com\/index.php?rest_route=\/wp\/v2\/users\/5"}],"replies":[{"embeddable":true,"href":"https:\/\/diariodominicano.com\/index.php?rest_route=%2Fwp%2Fv2%2Fcomments&post=311307"}],"version-history":[{"count":1,"href":"https:\/\/diariodominicano.com\/index.php?rest_route=\/wp\/v2\/posts\/311307\/revisions"}],"predecessor-version":[{"id":311310,"href":"https:\/\/diariodominicano.com\/index.php?rest_route=\/wp\/v2\/posts\/311307\/revisions\/311310"}],"wp:featuredmedia":[{"embeddable":true,"href":"https:\/\/diariodominicano.com\/index.php?rest_route=\/wp\/v2\/media\/311309"}],"wp:attachment":[{"href":"https:\/\/diariodominicano.com\/index.php?rest_route=%2Fwp%2Fv2%2Fmedia&parent=311307"}],"wp:term":[{"taxonomy":"category","embeddable":true,"href":"https:\/\/diariodominicano.com\/index.php?rest_route=%2Fwp%2Fv2%2Fcategories&post=311307"},{"taxonomy":"post_tag","embeddable":true,"href":"https:\/\/diariodominicano.com\/index.php?rest_route=%2Fwp%2Fv2%2Ftags&post=311307"}],"curies":[{"name":"wp","href":"https:\/\/api.w.org\/{rel}","templated":true}]}}