{"id":311300,"date":"2021-11-26T13:14:44","date_gmt":"2021-11-26T17:14:44","guid":{"rendered":"http:\/\/diariodominicano.com\/?p=311300"},"modified":"2021-11-26T13:14:44","modified_gmt":"2021-11-26T17:14:44","slug":"solana-insta-a-ee-uu-a-volver-a-comprometerse-con-china","status":"publish","type":"post","link":"https:\/\/diariodominicano.com\/?p=311300","title":{"rendered":"Solana insta a EE. UU. a volver a comprometerse con China"},"content":{"rendered":"\n<p>diariodominicano.com<\/p>\n\n\n\n<pre id=\"text-news-description\" class=\"wp-block-preformatted\">WASHINGTON, 26 nov (Xinhua) -- Estados Unidos debe volver a comprometerse con China porque este enfoque ha desempe\u00f1ado un papel crucial para desalentar la confrontaci\u00f3n entre los dos pa\u00edses, afirm\u00f3 el exsecretario general de la Organizaci\u00f3n del Tratado del Atl\u00e1ntico Norte (OTAN) Javier Solana.\n   En un comentario publicado el lunes en el sitio web de Project Syndicate, el antiguo jefe de la Alianza Atl\u00e1ntica se\u00f1al\u00f3 que el compromiso con China no es popular entre los pol\u00edticos estadounidenses hoy en d\u00eda, y su postura dura hacia el pa\u00eds asi\u00e1tico tiene un \"defecto fatal\".\n   En esta \u00e9poca, continu\u00f3 el espa\u00f1ol, el compromiso entre China y EE. UU. tiene que convertirse en una responsabilidad compartida, y requerir\u00e1 que otros actores den un paso adelante.\n   \"Esto tendr\u00eda un impacto positivo en la seguridad internacional, dejando a la humanidad en una mejor posici\u00f3n para lidiar con los desaf\u00edos mundiales apremiantes que enfrentamos\", agreg\u00f3.<\/pre>\n","protected":false},"excerpt":{"rendered":"<p>diariodominicano.com WASHINGTON, 26 nov (Xinhua) &#8212; Estados Unidos debe volver a comprometerse con China porque este enfoque ha desempe\u00f1ado un papel crucial para desalentar la confrontaci\u00f3n entre los dos pa\u00edses, afirm\u00f3 el exsecretario general de la Organizaci\u00f3n del Tratado del Atl\u00e1ntico Norte (OTAN) Javier Solana. En un comentario publicado el lunes en el sitio web [&hellip;]<\/p>\n","protected":false},"author":5,"featured_media":311305,"comment_status":"closed","ping_status":"","sticky":true,"template":"","format":"standard","meta":{"footnotes":""},"categories":[23,27],"tags":[],"class_list":["post-311300","post","type-post","status-publish","format-standard","has-post-thumbnail","hentry","category-internacional","category-portada"],"_links":{"self":[{"href":"https:\/\/diariodominicano.com\/index.php?rest_route=\/wp\/v2\/posts\/311300","targetHints":{"allow":["GET"]}}],"collection":[{"href":"https:\/\/diariodominicano.com\/index.php?rest_route=\/wp\/v2\/posts"}],"about":[{"href":"https:\/\/diariodominicano.com\/index.php?rest_route=\/wp\/v2\/types\/post"}],"author":[{"embeddable":true,"href":"https:\/\/diariodominicano.com\/index.php?rest_route=\/wp\/v2\/users\/5"}],"replies":[{"embeddable":true,"href":"https:\/\/diariodominicano.com\/index.php?rest_route=%2Fwp%2Fv2%2Fcomments&post=311300"}],"version-history":[{"count":1,"href":"https:\/\/diariodominicano.com\/index.php?rest_route=\/wp\/v2\/posts\/311300\/revisions"}],"predecessor-version":[{"id":311306,"href":"https:\/\/diariodominicano.com\/index.php?rest_route=\/wp\/v2\/posts\/311300\/revisions\/311306"}],"wp:featuredmedia":[{"embeddable":true,"href":"https:\/\/diariodominicano.com\/index.php?rest_route=\/wp\/v2\/media\/311305"}],"wp:attachment":[{"href":"https:\/\/diariodominicano.com\/index.php?rest_route=%2Fwp%2Fv2%2Fmedia&parent=311300"}],"wp:term":[{"taxonomy":"category","embeddable":true,"href":"https:\/\/diariodominicano.com\/index.php?rest_route=%2Fwp%2Fv2%2Fcategories&post=311300"},{"taxonomy":"post_tag","embeddable":true,"href":"https:\/\/diariodominicano.com\/index.php?rest_route=%2Fwp%2Fv2%2Ftags&post=311300"}],"curies":[{"name":"wp","href":"https:\/\/api.w.org\/{rel}","templated":true}]}}