{"id":311289,"date":"2021-11-26T12:52:50","date_gmt":"2021-11-26T16:52:50","guid":{"rendered":"http:\/\/diariodominicano.com\/?p=311289"},"modified":"2021-11-26T12:52:50","modified_gmt":"2021-11-26T16:52:50","slug":"francia-suspende-vuelos-desde-7-paises-de-sur-de-africa-por-nueva-variante-de-coronavirus","status":"publish","type":"post","link":"https:\/\/diariodominicano.com\/?p=311289","title":{"rendered":"Francia suspende vuelos desde 7 pa\u00edses de sur de \u00c1frica por nueva variante de coronavirus"},"content":{"rendered":"\n<p>diariodominicano.com<a rel=\"noreferrer noopener\" href=\"https:\/\/www.xinhua-news.com\/gdsdetailxhs\/share\/10653986-?pageflag=iframe\" target=\"_blank\"><\/a><\/p>\n\n\n\n<pre id=\"text-news-description\" class=\"wp-block-preformatted\">   PARIS, 26 nov (Xinhua) -- El Gobierno de Francia anunci\u00f3 hoy viernes la suspensi\u00f3n inmediata de vuelos provenientes de la parte sur de \u00c1frica luego de la detecci\u00f3n en Sud\u00e1frica de una nueva variante del coronavirus causante de la COVID-19.\n   En un comunicado de prensa publicado hoy por la oficina del primer ministro, los viajeros de Sud\u00e1frica, Lesoto, Botswana, Zimbabue, Mozambique, Namibia y Esuatini, no podr\u00e1n entrar al territorio franc\u00e9s, sin importar su estatus de vacunaci\u00f3n.\n   \"Las personas que han viajado en los \u00faltimos 14 d\u00edas a alguno de esos pa\u00edses son invitadas a reportarlo a las autoridades y realizarse una prueba PCR en tiempo real tan pronto como sea posible\", a\u00f1adi\u00f3 el comunicado.\n   Adem\u00e1s, el Gobierno franc\u00e9s aconseja a las personas que planean visitar esos pa\u00edses, que aplacen sus viajes.\n   \"No queremos tener que diagnosticar esta variante en territorio nacional y europeo, aun si no sabemos m\u00e1s acerca de su peligrosidad, se tom\u00f3 la decisi\u00f3n de suspender inmediatamente todos los vuelos desde el sur de \u00c1frica por al menos 48 horas\", dijo el ministro de Salud de Francia, Olivier Veran, citado por BFMTV. <\/pre>\n","protected":false},"excerpt":{"rendered":"<p>diariodominicano.com PARIS, 26 nov (Xinhua) &#8212; El Gobierno de Francia anunci\u00f3 hoy viernes la suspensi\u00f3n inmediata de vuelos provenientes de la parte sur de \u00c1frica luego de la detecci\u00f3n en Sud\u00e1frica de una nueva variante del coronavirus causante de la COVID-19. En un comunicado de prensa publicado hoy por la oficina del primer ministro, los [&hellip;]<\/p>\n","protected":false},"author":5,"featured_media":311290,"comment_status":"closed","ping_status":"","sticky":true,"template":"","format":"standard","meta":{"footnotes":""},"categories":[23,27],"tags":[],"class_list":["post-311289","post","type-post","status-publish","format-standard","has-post-thumbnail","hentry","category-internacional","category-portada"],"_links":{"self":[{"href":"https:\/\/diariodominicano.com\/index.php?rest_route=\/wp\/v2\/posts\/311289","targetHints":{"allow":["GET"]}}],"collection":[{"href":"https:\/\/diariodominicano.com\/index.php?rest_route=\/wp\/v2\/posts"}],"about":[{"href":"https:\/\/diariodominicano.com\/index.php?rest_route=\/wp\/v2\/types\/post"}],"author":[{"embeddable":true,"href":"https:\/\/diariodominicano.com\/index.php?rest_route=\/wp\/v2\/users\/5"}],"replies":[{"embeddable":true,"href":"https:\/\/diariodominicano.com\/index.php?rest_route=%2Fwp%2Fv2%2Fcomments&post=311289"}],"version-history":[{"count":1,"href":"https:\/\/diariodominicano.com\/index.php?rest_route=\/wp\/v2\/posts\/311289\/revisions"}],"predecessor-version":[{"id":311291,"href":"https:\/\/diariodominicano.com\/index.php?rest_route=\/wp\/v2\/posts\/311289\/revisions\/311291"}],"wp:featuredmedia":[{"embeddable":true,"href":"https:\/\/diariodominicano.com\/index.php?rest_route=\/wp\/v2\/media\/311290"}],"wp:attachment":[{"href":"https:\/\/diariodominicano.com\/index.php?rest_route=%2Fwp%2Fv2%2Fmedia&parent=311289"}],"wp:term":[{"taxonomy":"category","embeddable":true,"href":"https:\/\/diariodominicano.com\/index.php?rest_route=%2Fwp%2Fv2%2Fcategories&post=311289"},{"taxonomy":"post_tag","embeddable":true,"href":"https:\/\/diariodominicano.com\/index.php?rest_route=%2Fwp%2Fv2%2Ftags&post=311289"}],"curies":[{"name":"wp","href":"https:\/\/api.w.org\/{rel}","templated":true}]}}