{"id":311286,"date":"2021-11-26T12:45:26","date_gmt":"2021-11-26T16:45:26","guid":{"rendered":"http:\/\/diariodominicano.com\/?p=311286"},"modified":"2021-11-26T12:45:26","modified_gmt":"2021-11-26T16:45:26","slug":"temistocles-montas-advierte-sobre-los-extremismos-a-la-hora-de-tomar-una-decision-politica-o-electoral","status":"publish","type":"post","link":"https:\/\/diariodominicano.com\/?p=311286","title":{"rendered":"Tem\u00edstocles Mont\u00e1s advierte sobre los  extremismos a la hora de tomar una decisi\u00f3n pol\u00edtica o electoral"},"content":{"rendered":"\n<p>diariodominicano.com<\/p>\n\n\n\n<p>Santo Domingo, R. D.,  26 de noviembre, 2021.-  <strong>El vicepresidente del Partido de la Liberaci\u00f3n Dominicana (PLD), Tem\u00edstocles Mont\u00e1s,<\/strong>\u00a0\u00a0tomando de ejemplo los resultados de las recientes elecciones en Chile, exhorta a evitar \u00a0\u00a0 \u00a0los \u00a0extremismos a la hora de tomar una decisi\u00f3n pol\u00edtica o electoral.<\/p>\n\n\n\n<p>En el art\u00edculo \u201cLo que hay que aprender de lo ocurrido en Chile en las elecciones del 21 de noviembre 2021\u201d, Mont\u00e1s explica que en los resultados de la consulta electoral giran en torno hacia las posiciones de la ultraderecha o la ultraizquierda.<\/p>\n\n\n\n<p>\u201cSe abre un nuevo periodo en la historia pol\u00edtica de Chile que comienza con una confrontaci\u00f3n entre la ultraderecha y la ultraizquierda\u201d explica Tem\u00edstocles Mont\u00e1s, quien por un largo per\u00edodo dirigi\u00f3 la Secretar\u00eda de Relaciones Internacionales del PLD.<\/p>\n\n\n\n<p>Al introducir su trabajo que publica Vanguardia del Pueblo y el Portal La Propuesta Digital, Mont\u00e1s apunta que el &nbsp;periodo 1990-2019, Chile pas\u00f3 a ser el pa\u00eds de Am\u00e9rica Latina y el Caribe mejor posicionado en cuanto a desarrollo humano. De acuerdo con el PNUD, para 2019, Chile ocupaba la m\u00e1s alta posici\u00f3n en desarrollo humano entre los pa\u00edses de la regi\u00f3n.<\/p>\n\n\n\n<p>\u201cA pesar de los avances logrados, el 18 de octubre de 2019, un potente movimiento de protesta puso de manifiesto que no todo iba bien en Chile\u201d, detalla, &nbsp;precisando entonces que de ese movimiento social devino la convocatoria a una &nbsp;Convenci\u00f3n Constituyente para redactar una nueva Constituci\u00f3n Pol\u00edtica para Chile y recientemente las elecciones para escoger qui\u00e9n ocupar\u00e1 el solio presidencial en Chile.<\/p>\n\n\n\n<p>Dos puntos presenta Tem\u00edstocles Mont\u00e1s al concluir su trabajo, un primer aspecto en el que significa &nbsp;que a la hora de valorar el desempe\u00f1o de un pa\u00eds hay que ir m\u00e1s all\u00e1 de los resultados econ\u00f3micos as\u00ed como tambi\u00e9n m\u00e1s all\u00e1 de los indicadores sociales y un segundo que la frase: \u201chay desorden bajo el cielo; la situaci\u00f3n es excelente\u201d, &nbsp;no siempre conduce a nada bueno a los sectores progresistas.<\/p>\n\n\n\n<p>Fuente:  <strong>SECRETARIA DE COMUNICACIONES<\/strong><\/p>\n\n\n\n<p><strong>26 DE NOVIEMBRE, 2021.-&nbsp;<\/strong><\/p>\n","protected":false},"excerpt":{"rendered":"<p>diariodominicano.com Santo Domingo, R. D., 26 de noviembre, 2021.- El vicepresidente del Partido de la Liberaci\u00f3n Dominicana (PLD), Tem\u00edstocles Mont\u00e1s,\u00a0\u00a0tomando de ejemplo los resultados de las recientes elecciones en Chile, exhorta a evitar \u00a0\u00a0 \u00a0los \u00a0extremismos a la hora de tomar una decisi\u00f3n pol\u00edtica o electoral. En el art\u00edculo \u201cLo que hay que aprender de [&hellip;]<\/p>\n","protected":false},"author":5,"featured_media":311287,"comment_status":"closed","ping_status":"","sticky":true,"template":"","format":"standard","meta":{"footnotes":""},"categories":[22,27],"tags":[],"class_list":["post-311286","post","type-post","status-publish","format-standard","has-post-thumbnail","hentry","category-politica","category-portada"],"_links":{"self":[{"href":"https:\/\/diariodominicano.com\/index.php?rest_route=\/wp\/v2\/posts\/311286","targetHints":{"allow":["GET"]}}],"collection":[{"href":"https:\/\/diariodominicano.com\/index.php?rest_route=\/wp\/v2\/posts"}],"about":[{"href":"https:\/\/diariodominicano.com\/index.php?rest_route=\/wp\/v2\/types\/post"}],"author":[{"embeddable":true,"href":"https:\/\/diariodominicano.com\/index.php?rest_route=\/wp\/v2\/users\/5"}],"replies":[{"embeddable":true,"href":"https:\/\/diariodominicano.com\/index.php?rest_route=%2Fwp%2Fv2%2Fcomments&post=311286"}],"version-history":[{"count":1,"href":"https:\/\/diariodominicano.com\/index.php?rest_route=\/wp\/v2\/posts\/311286\/revisions"}],"predecessor-version":[{"id":311288,"href":"https:\/\/diariodominicano.com\/index.php?rest_route=\/wp\/v2\/posts\/311286\/revisions\/311288"}],"wp:featuredmedia":[{"embeddable":true,"href":"https:\/\/diariodominicano.com\/index.php?rest_route=\/wp\/v2\/media\/311287"}],"wp:attachment":[{"href":"https:\/\/diariodominicano.com\/index.php?rest_route=%2Fwp%2Fv2%2Fmedia&parent=311286"}],"wp:term":[{"taxonomy":"category","embeddable":true,"href":"https:\/\/diariodominicano.com\/index.php?rest_route=%2Fwp%2Fv2%2Fcategories&post=311286"},{"taxonomy":"post_tag","embeddable":true,"href":"https:\/\/diariodominicano.com\/index.php?rest_route=%2Fwp%2Fv2%2Ftags&post=311286"}],"curies":[{"name":"wp","href":"https:\/\/api.w.org\/{rel}","templated":true}]}}