{"id":311282,"date":"2021-11-26T11:56:48","date_gmt":"2021-11-26T15:56:48","guid":{"rendered":"http:\/\/diariodominicano.com\/?p=311282"},"modified":"2021-11-26T11:56:48","modified_gmt":"2021-11-26T15:56:48","slug":"director-policial-anuncia-intervencion-de-la-vega-y-garantiza-delincuencia-tendra-que-buscar-otro-lugar","status":"publish","type":"post","link":"https:\/\/diariodominicano.com\/?p=311282","title":{"rendered":"Director policial anuncia intervenci\u00f3n de La Vega y garantiza delincuencia tendr\u00e1 que buscar otro lugar"},"content":{"rendered":"\n<p>diariodominicano.com<\/p>\n\n\n\n<p><strong>Ministro Jes\u00fas V\u00e1squez revela ultiman detalles para implementaci\u00f3n de Estrategia Integral en primer trimestre del a\u00f1o venidero<\/strong><\/p>\n\n\n\n<p>La Vega, R. D.,  26 de noviembre, 2021.- El director general de la Polic\u00eda Nacional, mayor general Eduardo Alberto Then, garantiz\u00f3 que la ciudadan\u00eda disfrutar\u00e1 de mejores niveles de seguridad en esa provincia y todo el pa\u00eds, ya que trabaja con entrega, planificaci\u00f3n y el respaldo decidido del presidente de la Rep\u00fablica, Luis Abinader, bajo las directrices del ministro de Interior, Jes\u00fas V\u00e1squez Mart\u00ednez.<\/p>\n\n\n\n<p>Al hablar en el conversatorio \u201cSeguridad Ciudadana Municipio de La Vega\u201d, ante las autoridades provinciales de todos los \u00e1mbitos, durante una actividad celebrada en los salones de la Sala Capitular del Ayuntamiento Municipal de esa provincia, el mayor general Alberto Then anunci\u00f3 que a partir de hoy se hablar\u00e1 de un antes y despu\u00e9s en La Vega en materia de seguridad ciudadana.&nbsp;<\/p>\n\n\n\n<p>En tal sentido, anunci\u00f3 la incorporaci\u00f3n de 5 motocicletas nuevas, una camioneta del a\u00f1o y la reparaci\u00f3n de otras 5 unidades patrulleras.<\/p>\n\n\n\n<p>\u201cEstamos comprometidos con darle a La Vega todo el apoyo que sea necesario para que recuperar los espacios y que la gente buena viva en paz\u201d, dijo.<\/p>\n\n\n\n<p>Record\u00f3 que en otras ocasiones ha tenido que intervenir La Vega para imponer el orden y que ahora lo estaba haciendo desde la Direcci\u00f3n General de la instituci\u00f3n.<\/p>\n\n\n\n<p>Asegur\u00f3 que dar\u00e1 seguimiento de manera personal a la provincia de La Vega, por lo que, si el comandante no hace el trabajo, de inmediato tomar\u00e1 las acciones de lugar para corregir.<\/p>\n\n\n\n<p><strong>Trabajo conjunto<\/strong><\/p>\n\n\n\n<p>Las palabras de bienvenida de la actividad fueron emitidas por el presidente del Concejo de Regidores, Jos\u00e9 Luis Abreu Veloz, quien agradeci\u00f3 la visita del director general de la Polic\u00eda Nacional y los anuncios para fortalecer la seguridad en la provincia.<\/p>\n\n\n\n<p><strong>Compromiso<\/strong><\/p>\n\n\n\n<p>El director policial reafirm\u00f3 su compromiso con la transparencia, tras alertar que no hay razones para que un polic\u00eda se dedique al \u201cmacuteo\u201d.<\/p>\n\n\n\n<p>Dijo que el mismo presidente Abinader y el ministro V\u00e1squez Mart\u00ednez reconocen que los polic\u00edas ganan poco, \u201cpero eso no es pretexto para macutear. El que no est\u00e9 dispuesto a someterse a la disciplina que pida su baja\u201d.<\/p>\n\n\n\n<p>Alert\u00f3 al personal bajo su mando que tiene la creencia de que la delincuencia opera a sus anchas cuando existe apoyo de los agentes policiales, por lo que reiter\u00f3 que se mantendr\u00e1 vigilante.<\/p>\n\n\n\n<p>\u201cSer polic\u00eda es intervenir en la guerra contra la delincuencia, por lo que cada comandante tiene que actuar con responsabilidad en la jurisdicci\u00f3n bajo su mando\u201d, advirti\u00f3.<\/p>\n\n\n\n<p><strong>Delatar polic\u00edas corruptos<\/strong><\/p>\n\n\n\n<p>Aprovech\u00f3 el escenario para solicitar a la buena ciudadan\u00eda denunciar a los polic\u00edas corruptos, bajo estricto apego a la confidencialidad.<\/p>\n\n\n\n<p>&nbsp;\u201cA partir de ma\u00f1ana tienen que aparecer los polic\u00edas corruptos que trabajan en La Vega, para de inmediato tomar las medidas correctivas, aunque a\u00fan no s\u00e9 qu\u00e9 har\u00e9 con los corruptos\u201d, dijo el mayor general Alberto Then.<\/p>\n\n\n\n<p><strong>Plan para La Vega<\/strong><\/p>\n\n\n\n<p>De su lado, el ministro V\u00e1squez Mart\u00ednez revel\u00f3 que ultiman detalles para en el primer trimestre del a\u00f1o venidero dejar en funcionamiento en La Vega, la Estrategia Integral de Seguridad Ciudadana \u00abMi Pa\u00eds Seguro\u00bb, de la cual conf\u00eda dejar\u00e1 los resultados positivos, tal y como ha ocurrido en San Francisco de Macor\u00eds, Cristo Rey, La Zurza, La Puya de Arroyo Hondo, y el ensanche La Fe del Distrito Nacional.<\/p>\n\n\n\n<div class=\"wp-block-image\"><figure class=\"alignright size-large is-resized\"><img loading=\"lazy\" decoding=\"async\" src=\"https:\/\/diariodominicano.com\/wp-content\/uploads\/2021\/11\/la-vega-Chu-Vasquez-PN26-11-21-1024x484.jpg\" alt=\"\" class=\"wp-image-311284\" width=\"329\" height=\"155\" srcset=\"https:\/\/diariodominicano.com\/wp-content\/uploads\/2021\/11\/la-vega-Chu-Vasquez-PN26-11-21-1024x484.jpg 1024w, https:\/\/diariodominicano.com\/wp-content\/uploads\/2021\/11\/la-vega-Chu-Vasquez-PN26-11-21-300x142.jpg 300w, https:\/\/diariodominicano.com\/wp-content\/uploads\/2021\/11\/la-vega-Chu-Vasquez-PN26-11-21-768x363.jpg 768w, https:\/\/diariodominicano.com\/wp-content\/uploads\/2021\/11\/la-vega-Chu-Vasquez-PN26-11-21-1536x727.jpg 1536w, https:\/\/diariodominicano.com\/wp-content\/uploads\/2021\/11\/la-vega-Chu-Vasquez-PN26-11-21-816x386.jpg 816w, https:\/\/diariodominicano.com\/wp-content\/uploads\/2021\/11\/la-vega-Chu-Vasquez-PN26-11-21.jpg 1600w\" sizes=\"auto, (max-width: 329px) 100vw, 329px\" \/><\/figure><\/div>\n\n\n\n<p>Calific\u00f3 de trascendental el encuentro con los distintos sectores de La Vega, debido al impacto positivo de las medidas que ser\u00e1n implementadas en lo adelante.<\/p>\n\n\n\n<p>Destac\u00f3 que gracias al encuentro se han podido obtener insumos importantes para lograr los mejores \u00e9xitos.<\/p>\n\n\n\n<p>Adem\u00e1s, indic\u00f3 que el tema de la seguridad ciudadana debe contar con el esfuerzo de todos para lograr los mejores \u00e9xitos.<\/p>\n\n\n\n<p>De igual forma, resalt\u00f3 el trabajo que viene realizando el mayor general Alberto Then y el presidente de la Direcci\u00f3n Nacional de Drogas (DNCD), vicealmirante Jos\u00e9 Manuel Cabrera Ulloa, quien estuvo presente en el encuentro. Tambi\u00e9n asistieron los viceministros de Interior y Polic\u00eda, \u00c1ngela J\u00e1quez y Jes\u00fas Feliz; el alcalde Kelvin Cruz; el senador Ram\u00f3n Rogelio Genao; la gobernadora Luisa Altagracia Jim\u00e9nez; el presidente del Concejo de Regidores, Jos\u00e9 Luis Abreu Veloz, entre otras autoridades, as\u00ed como tambi\u00e9n representantes de todas las iglesias y l\u00edderes comunitarios.<\/p>\n\n\n\n<p>Fuente:  Departamento de Prensa<\/p>\n\n\n\n<p>Direcci\u00f3n\u00a0de Comunicaciones\u00a0Estrat\u00e9gicas<\/p>\n\n\n\n<p>Polic\u00eda Nacional Rep\u00fablica Dominicana<\/p>\n","protected":false},"excerpt":{"rendered":"<p>diariodominicano.com Ministro Jes\u00fas V\u00e1squez revela ultiman detalles para implementaci\u00f3n de Estrategia Integral en primer trimestre del a\u00f1o venidero La Vega, R. D., 26 de noviembre, 2021.- El director general de la Polic\u00eda Nacional, mayor general Eduardo Alberto Then, garantiz\u00f3 que la ciudadan\u00eda disfrutar\u00e1 de mejores niveles de seguridad en esa provincia y todo el pa\u00eds, [&hellip;]<\/p>\n","protected":false},"author":5,"featured_media":311283,"comment_status":"closed","ping_status":"","sticky":true,"template":"","format":"standard","meta":{"footnotes":""},"categories":[24,27],"tags":[],"class_list":["post-311282","post","type-post","status-publish","format-standard","has-post-thumbnail","hentry","category-justicia-y-derecho","category-portada"],"_links":{"self":[{"href":"https:\/\/diariodominicano.com\/index.php?rest_route=\/wp\/v2\/posts\/311282","targetHints":{"allow":["GET"]}}],"collection":[{"href":"https:\/\/diariodominicano.com\/index.php?rest_route=\/wp\/v2\/posts"}],"about":[{"href":"https:\/\/diariodominicano.com\/index.php?rest_route=\/wp\/v2\/types\/post"}],"author":[{"embeddable":true,"href":"https:\/\/diariodominicano.com\/index.php?rest_route=\/wp\/v2\/users\/5"}],"replies":[{"embeddable":true,"href":"https:\/\/diariodominicano.com\/index.php?rest_route=%2Fwp%2Fv2%2Fcomments&post=311282"}],"version-history":[{"count":1,"href":"https:\/\/diariodominicano.com\/index.php?rest_route=\/wp\/v2\/posts\/311282\/revisions"}],"predecessor-version":[{"id":311285,"href":"https:\/\/diariodominicano.com\/index.php?rest_route=\/wp\/v2\/posts\/311282\/revisions\/311285"}],"wp:featuredmedia":[{"embeddable":true,"href":"https:\/\/diariodominicano.com\/index.php?rest_route=\/wp\/v2\/media\/311283"}],"wp:attachment":[{"href":"https:\/\/diariodominicano.com\/index.php?rest_route=%2Fwp%2Fv2%2Fmedia&parent=311282"}],"wp:term":[{"taxonomy":"category","embeddable":true,"href":"https:\/\/diariodominicano.com\/index.php?rest_route=%2Fwp%2Fv2%2Fcategories&post=311282"},{"taxonomy":"post_tag","embeddable":true,"href":"https:\/\/diariodominicano.com\/index.php?rest_route=%2Fwp%2Fv2%2Ftags&post=311282"}],"curies":[{"name":"wp","href":"https:\/\/api.w.org\/{rel}","templated":true}]}}