{"id":311279,"date":"2021-11-26T11:41:58","date_gmt":"2021-11-26T15:41:58","guid":{"rendered":"http:\/\/diariodominicano.com\/?p=311279"},"modified":"2021-11-26T11:41:58","modified_gmt":"2021-11-26T15:41:58","slug":"india-y-rusia-celebraran-cumbre-bilateral-anual-en-diciembre","status":"publish","type":"post","link":"https:\/\/diariodominicano.com\/?p=311279","title":{"rendered":"India y Rusia celebrar\u00e1n cumbre bilateral anual en diciembre"},"content":{"rendered":"\n<p>diariodominicano.com<\/p>\n\n\n\n<pre id=\"text-news-description\" class=\"wp-block-preformatted\">NUEVA DELHI, 26 nov (Xinhua) -- El presidente ruso, Vladimir Putin, realizar\u00e1 una visita oficial a India el 6 de diciembre para asistir a la 21\u00aa cumbre anual India-Rusia con el primer ministro indio, Narendra Modi, inform\u00f3 hoy viernes el Ministerio de Asuntos Exteriores indio.\n   En la cumbre, los dos l\u00edderes revisar\u00e1n el estado y las perspectivas de las relaciones bilaterales y discutir\u00e1n las formas de fortalecer a\u00fan m\u00e1s la asociaci\u00f3n estrat\u00e9gica entre los dos pa\u00edses.\n   La cumbre tambi\u00e9n ofrecer\u00e1 la oportunidad de intercambiar opiniones sobre cuestiones regionales, multilaterales e internacionales de inter\u00e9s mutuo, dijo el ministerio.\n   La pasada cumbre anual India-Rusia se llev\u00f3 a cabo en septiembre de 2019 durante la visita de Modi a Vladivostok, Rusia.\n   La cumbre anual no tuvo lugar en 2020 debido a la pandemia de COVID-19.\n   Esta ser\u00e1 la primera reuni\u00f3n cara a cara entre los dos l\u00edderes despu\u00e9s de la cumbre de BRICS en Brasil en noviembre de 2019. Fin\n<\/pre>\n","protected":false},"excerpt":{"rendered":"<p>diariodominicano.com NUEVA DELHI, 26 nov (Xinhua) &#8212; El presidente ruso, Vladimir Putin, realizar\u00e1 una visita oficial a India el 6 de diciembre para asistir a la 21\u00aa cumbre anual India-Rusia con el primer ministro indio, Narendra Modi, inform\u00f3 hoy viernes el Ministerio de Asuntos Exteriores indio. En la cumbre, los dos l\u00edderes revisar\u00e1n el estado [&hellip;]<\/p>\n","protected":false},"author":5,"featured_media":311280,"comment_status":"closed","ping_status":"","sticky":true,"template":"","format":"standard","meta":{"footnotes":""},"categories":[23,27],"tags":[],"class_list":["post-311279","post","type-post","status-publish","format-standard","has-post-thumbnail","hentry","category-internacional","category-portada"],"_links":{"self":[{"href":"https:\/\/diariodominicano.com\/index.php?rest_route=\/wp\/v2\/posts\/311279","targetHints":{"allow":["GET"]}}],"collection":[{"href":"https:\/\/diariodominicano.com\/index.php?rest_route=\/wp\/v2\/posts"}],"about":[{"href":"https:\/\/diariodominicano.com\/index.php?rest_route=\/wp\/v2\/types\/post"}],"author":[{"embeddable":true,"href":"https:\/\/diariodominicano.com\/index.php?rest_route=\/wp\/v2\/users\/5"}],"replies":[{"embeddable":true,"href":"https:\/\/diariodominicano.com\/index.php?rest_route=%2Fwp%2Fv2%2Fcomments&post=311279"}],"version-history":[{"count":1,"href":"https:\/\/diariodominicano.com\/index.php?rest_route=\/wp\/v2\/posts\/311279\/revisions"}],"predecessor-version":[{"id":311281,"href":"https:\/\/diariodominicano.com\/index.php?rest_route=\/wp\/v2\/posts\/311279\/revisions\/311281"}],"wp:featuredmedia":[{"embeddable":true,"href":"https:\/\/diariodominicano.com\/index.php?rest_route=\/wp\/v2\/media\/311280"}],"wp:attachment":[{"href":"https:\/\/diariodominicano.com\/index.php?rest_route=%2Fwp%2Fv2%2Fmedia&parent=311279"}],"wp:term":[{"taxonomy":"category","embeddable":true,"href":"https:\/\/diariodominicano.com\/index.php?rest_route=%2Fwp%2Fv2%2Fcategories&post=311279"},{"taxonomy":"post_tag","embeddable":true,"href":"https:\/\/diariodominicano.com\/index.php?rest_route=%2Fwp%2Fv2%2Ftags&post=311279"}],"curies":[{"name":"wp","href":"https:\/\/api.w.org\/{rel}","templated":true}]}}