{"id":311277,"date":"2021-11-26T11:26:36","date_gmt":"2021-11-26T15:26:36","guid":{"rendered":"http:\/\/diariodominicano.com\/?p=311277"},"modified":"2021-11-26T11:26:36","modified_gmt":"2021-11-26T15:26:36","slug":"ministerio-de-trabajo-invita-a-jornadas-de-empleos-simultaneas-en-el-distrito-nacional-y-santiago","status":"publish","type":"post","link":"https:\/\/diariodominicano.com\/?p=311277","title":{"rendered":"Ministerio de Trabajo invita a jornadas de empleos simult\u00e1neas en el Distrito Nacional y Santiago"},"content":{"rendered":"\n<p>diariodominicano.com<\/p>\n\n\n\n<p>Santo Domingo, E. D.,  26 de noviembre, 2021.-  El Ministerio de Trabajo invita a las personas interesadas a que participen en dos jornadas de empleos que realizar\u00e1n dos empresas de servicios en el Distrito Nacional y Santiago.\u00a0\u00a0Las jornadas se llevar\u00e1n a cabo este viernes 26 de noviembre del a\u00f1o en curso, en horario de 9:00 de la ma\u00f1ana a 2:00 de la tarde de manera simult\u00e1nea.\u00a0<\/p>\n\n\n\n<p>En el Distrito Nacional se desarrollar\u00e1&nbsp;en la sede del Ministerio de Trabajo, ubicado en la avenida&nbsp;Enrique Jim\u00e9nez Moya, Centro de los H\u00e9roes.&nbsp;<\/p>\n\n\n\n<p>Mientras que&nbsp;en Santiago se realizar\u00e1 en el&nbsp;Parque Duarte, frente a la Gobernaci\u00f3n Provincial.&nbsp;<\/p>\n\n\n\n<p>Las vacantes por las que podr\u00e1n optar en la empresa del Distrito Nacional son representante servicio al cliente biling\u00fce, servicio al cliente, carpintero, alba\u00f1il, seguridad, cajero, empacador, obrero y&nbsp;formaleteros (t\u00e9cnicos en molde).&nbsp;<\/p>\n\n\n\n<p>Los requisitos para los puestos en el Distrito Nacional son experiencia en el \u00e1rea en la que aplicar\u00e1 el participante en la jornada, conocimiento y lectura de planos y especificaciones t\u00e9cnicas.&nbsp;<\/p>\n\n\n\n<p>Para servicio al cliente biling\u00fce los requisitos son: ingl\u00e9s intermedio y avanzado, mientras que los&nbsp;&nbsp; carpinteros, alba\u00f1iles, formaleteros y obrero deben tener&nbsp;conocimiento en lectura de planos y especificaciones t\u00e9cnicas,&nbsp;experiencia en hormigonado y desencofrado de moldes y accesorios,&nbsp;experiencia para dirigir personal de construcci\u00f3n. &nbsp;&nbsp;&nbsp;<\/p>\n\n\n\n<p>En Santiago las vacantes disponibles son auxiliar de almac\u00e9n, servicio al cliente (personal de l\u00ednea), cajeros,&nbsp;repartidores con motor, conserje,&nbsp;montacarguista,&nbsp;ingeniero de procesos (ingl\u00e9s avanzado),&nbsp;gerentes de restaurantes,&nbsp;supervisores de restaurantes.&nbsp;&nbsp;<\/p>\n\n\n\n<p>Los requisitos para dichos puestos son octavo grado aprobado,&nbsp;experiencia en las \u00e1reas a solicitar, disponibilidad de horario rotativo. &nbsp;&nbsp;<\/p>\n\n\n\n<p>En las jornadas de empleos los asistentes deber\u00e1n llevar puestas mascarillas de forma obligatoria, como medida protocolar para la prevenci\u00f3n del contagio del Covid-19.&nbsp;&nbsp;<\/p>\n\n\n\n<p>Los interesados deben registrarse en la p\u00e1gina web:\u00a0<a rel=\"noreferrer noopener\" href=\"http:\/\/rdtrabaja.mt.gob.do\/\" target=\"_blank\">rdtrabaja.mt.gob.do<\/a>\u00a0o llamar al tel\u00e9fono 809-784-4335, en el Distrito Nacional, y en Santiago el 809-570-4125 extensi\u00f3n 4372.\u00a0<\/p>\n\n\n\n<p>Fuente:  <strong>Comunicaciones<\/strong><\/p>\n\n\n\n<p>Ministerio de Trabajo<\/p>\n","protected":false},"excerpt":{"rendered":"<p>diariodominicano.com Santo Domingo, E. D., 26 de noviembre, 2021.- El Ministerio de Trabajo invita a las personas interesadas a que participen en dos jornadas de empleos que realizar\u00e1n dos empresas de servicios en el Distrito Nacional y Santiago.\u00a0\u00a0Las jornadas se llevar\u00e1n a cabo este viernes 26 de noviembre del a\u00f1o en curso, en horario de [&hellip;]<\/p>\n","protected":false},"author":5,"featured_media":298550,"comment_status":"closed","ping_status":"","sticky":true,"template":"","format":"standard","meta":{"footnotes":""},"categories":[20,27],"tags":[],"class_list":["post-311277","post","type-post","status-publish","format-standard","has-post-thumbnail","hentry","category-dominicana-hoy","category-portada"],"_links":{"self":[{"href":"https:\/\/diariodominicano.com\/index.php?rest_route=\/wp\/v2\/posts\/311277","targetHints":{"allow":["GET"]}}],"collection":[{"href":"https:\/\/diariodominicano.com\/index.php?rest_route=\/wp\/v2\/posts"}],"about":[{"href":"https:\/\/diariodominicano.com\/index.php?rest_route=\/wp\/v2\/types\/post"}],"author":[{"embeddable":true,"href":"https:\/\/diariodominicano.com\/index.php?rest_route=\/wp\/v2\/users\/5"}],"replies":[{"embeddable":true,"href":"https:\/\/diariodominicano.com\/index.php?rest_route=%2Fwp%2Fv2%2Fcomments&post=311277"}],"version-history":[{"count":1,"href":"https:\/\/diariodominicano.com\/index.php?rest_route=\/wp\/v2\/posts\/311277\/revisions"}],"predecessor-version":[{"id":311278,"href":"https:\/\/diariodominicano.com\/index.php?rest_route=\/wp\/v2\/posts\/311277\/revisions\/311278"}],"wp:featuredmedia":[{"embeddable":true,"href":"https:\/\/diariodominicano.com\/index.php?rest_route=\/wp\/v2\/media\/298550"}],"wp:attachment":[{"href":"https:\/\/diariodominicano.com\/index.php?rest_route=%2Fwp%2Fv2%2Fmedia&parent=311277"}],"wp:term":[{"taxonomy":"category","embeddable":true,"href":"https:\/\/diariodominicano.com\/index.php?rest_route=%2Fwp%2Fv2%2Fcategories&post=311277"},{"taxonomy":"post_tag","embeddable":true,"href":"https:\/\/diariodominicano.com\/index.php?rest_route=%2Fwp%2Fv2%2Ftags&post=311277"}],"curies":[{"name":"wp","href":"https:\/\/api.w.org\/{rel}","templated":true}]}}