{"id":311270,"date":"2021-11-26T11:16:44","date_gmt":"2021-11-26T15:16:44","guid":{"rendered":"http:\/\/diariodominicano.com\/?p=311270"},"modified":"2021-11-26T11:16:44","modified_gmt":"2021-11-26T15:16:44","slug":"adn-enciende-monumentos-de-la-capital-con-luces-naranja-y-lanza-unidad-policial-municipal-para-proteccion-de-las-mujeres","status":"publish","type":"post","link":"https:\/\/diariodominicano.com\/?p=311270","title":{"rendered":"ADN enciende monumentos de la capital con luces naranja y lanza unidad policial municipal para protecci\u00f3n de las mujeres"},"content":{"rendered":"\n<p>diariodominicano.com<\/p>\n\n\n\n<p><br>Santo Domingo, R. D.,  26 de noviembre, 2021.- El Palacio Consistorial y el Monumento Fray Antonio de Montesino lucen desde este jueves iluminaci\u00f3n naranja por motivo de la conmemoraci\u00f3n del D\u00eda Internacional de la Eliminaci\u00f3n de la Violencia contra la Mujer.\u00a0<\/p>\n\n\n\n<div class=\"wp-block-image\"><figure class=\"alignleft size-large is-resized\"><img loading=\"lazy\" decoding=\"async\" src=\"https:\/\/diariodominicano.com\/wp-content\/uploads\/2021\/11\/Monumentode-Montesinos-2021-11-26--1024x682.jpeg\" alt=\"\" class=\"wp-image-311272\" width=\"356\" height=\"236\" srcset=\"https:\/\/diariodominicano.com\/wp-content\/uploads\/2021\/11\/Monumentode-Montesinos-2021-11-26--1024x682.jpeg 1024w, https:\/\/diariodominicano.com\/wp-content\/uploads\/2021\/11\/Monumentode-Montesinos-2021-11-26--300x200.jpeg 300w, https:\/\/diariodominicano.com\/wp-content\/uploads\/2021\/11\/Monumentode-Montesinos-2021-11-26--768x512.jpeg 768w, https:\/\/diariodominicano.com\/wp-content\/uploads\/2021\/11\/Monumentode-Montesinos-2021-11-26--816x544.jpeg 816w, https:\/\/diariodominicano.com\/wp-content\/uploads\/2021\/11\/Monumentode-Montesinos-2021-11-26-.jpeg 1280w\" sizes=\"auto, (max-width: 356px) 100vw, 356px\" \/><\/figure><\/div>\n\n\n\n<p><br>Con este encendido la Alcald\u00eda del Distrito Nacional (ADN) se une a los 16 d\u00edas de activismo contra la violencia de g\u00e9nero que impulsa Naciones Unidas bajo el lema \u201cPinta el mundo de naranja: \u00a1Pongamos fin a la violencia contra las mujeres YA!\u201d. Esta campa\u00f1a culmina el 10 de diciembre con la conmemoraci\u00f3n del D\u00eda Internacional de los Derechos Humanos.\u00a0<\/p>\n\n\n\n<p><br>Cada 25 de noviembre el mundo alza su voz contra todo tipo de violencia contra la mujer, recordando el motivo de la conmemoraci\u00f3n: el vil asesinato de las Hermanas Mirabal un d\u00eda como este hace ya 61 a\u00f1os, por orden del dictador Rafael L. Trujillo.\u00a0<\/p>\n\n\n\n<p><br>Este asesinato marc\u00f3 la historia del pa\u00eds y del mundo, y contribuy\u00f3 con el despertar y el inicio del movimiento feminista a nivel mundial, mediante el cual las mujeres han venido exigiendo el cese de todo tipo de violencia y el respeto de sus derechos.<\/p>\n\n\n\n<p>\u00a0<br>En el 2000 la Asamblea General de las Naciones Unidas adopt\u00f3 la resoluci\u00f3n que designa cada 25 de noviembre como el d\u00eda para generar conciencia y sensibilizar sobre esta problem\u00e1tica, as\u00ed como promover los derechos de las mujeres y las ni\u00f1as.<\/p>\n\n\n\n<p>\u00a0<br>De su parte, la alcaldesa del Distrito Nacional, Carolina Mej\u00eda, record\u00f3 el legado de las Mirabal y la importancia de la defensa de los derechos de las mujeres.\u00a0<\/p>\n\n\n\n<p><br>\u201cCon admiraci\u00f3n, amor y respeto recordamos a Patria, Minerva y Mar\u00eda Teresa, mujeres valientes, luchadoras y tenaces. Son inspiraci\u00f3n para nosotras para seguir luchando por un mundo sin violencia de ning\u00fan tipo contra las mujeres, por un mundo seguro y de oportunidades\u201d, manifest\u00f3 la titular del cabildo.\u00a0<\/p>\n\n\n\n<p><br>Primera unidad de apoyo municipal\u00a0<br>En esta conmemoraci\u00f3n del D\u00eda Internacional de la Eliminaci\u00f3n Violencia contra la Mujer la Alcald\u00eda del Distrito Nacional da a conocer la creaci\u00f3n de la primera Unidad de Apoyo y Protecci\u00f3n Mujer, Menor, Mayor y Discapacidad de la Polic\u00eda Municipal, que tiene como prop\u00f3sito apoyar y proteger a las mujeres, y entre las metas de trabajo est\u00e1 enfrentar el acoso callejero.\u00a0<\/p>\n\n\n\n<p><br>Esta ser\u00e1 dirigida de manera conjunta por la encargada de Inclusi\u00f3n del cabildo y el director de la Polic\u00eda Municipal, Mar\u00eda Battle e Iv\u00e1n G\u00f3mez, respectivamente.\u00a0<\/p>\n\n\n\n<p>Fuente:  <strong>Comunicaciones ADN<\/strong>\u00a0<br><strong>Direcci\u00f3n de Comunicaciones ADN<\/strong><\/p>\n\n\n\n<p><strong>26 de noviembre, 2021<\/strong><\/p>\n","protected":false},"excerpt":{"rendered":"<p>diariodominicano.com Santo Domingo, R. D., 26 de noviembre, 2021.- El Palacio Consistorial y el Monumento Fray Antonio de Montesino lucen desde este jueves iluminaci\u00f3n naranja por motivo de la conmemoraci\u00f3n del D\u00eda Internacional de la Eliminaci\u00f3n de la Violencia contra la Mujer.\u00a0 Con este encendido la Alcald\u00eda del Distrito Nacional (ADN) se une a los [&hellip;]<\/p>\n","protected":false},"author":5,"featured_media":311271,"comment_status":"closed","ping_status":"","sticky":true,"template":"","format":"standard","meta":{"footnotes":""},"categories":[20,27],"tags":[],"class_list":["post-311270","post","type-post","status-publish","format-standard","has-post-thumbnail","hentry","category-dominicana-hoy","category-portada"],"_links":{"self":[{"href":"https:\/\/diariodominicano.com\/index.php?rest_route=\/wp\/v2\/posts\/311270","targetHints":{"allow":["GET"]}}],"collection":[{"href":"https:\/\/diariodominicano.com\/index.php?rest_route=\/wp\/v2\/posts"}],"about":[{"href":"https:\/\/diariodominicano.com\/index.php?rest_route=\/wp\/v2\/types\/post"}],"author":[{"embeddable":true,"href":"https:\/\/diariodominicano.com\/index.php?rest_route=\/wp\/v2\/users\/5"}],"replies":[{"embeddable":true,"href":"https:\/\/diariodominicano.com\/index.php?rest_route=%2Fwp%2Fv2%2Fcomments&post=311270"}],"version-history":[{"count":1,"href":"https:\/\/diariodominicano.com\/index.php?rest_route=\/wp\/v2\/posts\/311270\/revisions"}],"predecessor-version":[{"id":311273,"href":"https:\/\/diariodominicano.com\/index.php?rest_route=\/wp\/v2\/posts\/311270\/revisions\/311273"}],"wp:featuredmedia":[{"embeddable":true,"href":"https:\/\/diariodominicano.com\/index.php?rest_route=\/wp\/v2\/media\/311271"}],"wp:attachment":[{"href":"https:\/\/diariodominicano.com\/index.php?rest_route=%2Fwp%2Fv2%2Fmedia&parent=311270"}],"wp:term":[{"taxonomy":"category","embeddable":true,"href":"https:\/\/diariodominicano.com\/index.php?rest_route=%2Fwp%2Fv2%2Fcategories&post=311270"},{"taxonomy":"post_tag","embeddable":true,"href":"https:\/\/diariodominicano.com\/index.php?rest_route=%2Fwp%2Fv2%2Ftags&post=311270"}],"curies":[{"name":"wp","href":"https:\/\/api.w.org\/{rel}","templated":true}]}}