{"id":311267,"date":"2021-11-26T11:06:23","date_gmt":"2021-11-26T15:06:23","guid":{"rendered":"http:\/\/diariodominicano.com\/?p=311267"},"modified":"2021-11-26T11:06:23","modified_gmt":"2021-11-26T15:06:23","slug":"extranjero-indocumentado-sorprendido-robando-en-oficina-resulta-herido-de-bala","status":"publish","type":"post","link":"https:\/\/diariodominicano.com\/?p=311267","title":{"rendered":"Extranjero indocumentado sorprendido robando en oficina resulta herido de bala"},"content":{"rendered":"\n<p>diariodominicano.com<\/p>\n\n\n\n<p><strong>Trat\u00f3 de agredir agentes policiales con arma de fabricaci\u00f3n artesanal, la cual fue ocupada<\/strong><\/p>\n\n\n\n<p><strong>Santiago, R. D.,  26 de noviembre 2021.<\/strong>&#8211;\u00a0La Polic\u00eda Nacional hiri\u00f3 en acci\u00f3n legal a un nacional haitiano indocumentado en el sector de Gurabo, ayer, quien fue sorprendido dentro de una oficina de una constructora a las 03:45 de la madrugada.<\/p>\n\n\n\n<p>El extranjero indocumentado, menor de edad y cuyo nombre se omite por razones legales, al ser sorprendido por la patrulla policial actuante, sac\u00f3 una arma de fuego de fabricaci\u00f3n casera (Chilena), intentando disparar contra los agentes, y en esas circunstancias fue herido por la patrulla en brazo y muslo derecho.<\/p>\n\n\n\n<p>En poder del detenido fueron ocupados una cartera, una Tablet y una computadora port\u00e1til las cuales pretend\u00eda sustraer.<\/p>\n\n\n\n<p>El mismo se encuentra recibiendo atenciones m\u00e9dicas en un centro asistencial, bajo custodia policial y tan pronto su condici\u00f3n de salud lo permita, ser\u00e1 enviado a la instancia judicial correspondiente, para los fines legales de lugar.<\/p>\n\n\n\n<p>Fuente:  <strong>OFICINA DE COMUNICACIONES ESTRAT\u00c9GICAS DIRECCI\u00d3N REGIONAL CIBAO CENTRAL, P.N.<\/strong><br><br><strong>Subdirecci\u00f3n de Comunicaciones Estret\u00e9gicas<\/strong><\/p>\n\n\n\n<p>Direcci\u00f3n Regional Cibao Central Polic\u00eda Nacional<\/p>\n\n\n\n<p><\/p>\n","protected":false},"excerpt":{"rendered":"<p>diariodominicano.com Trat\u00f3 de agredir agentes policiales con arma de fabricaci\u00f3n artesanal, la cual fue ocupada Santiago, R. D., 26 de noviembre 2021.&#8211;\u00a0La Polic\u00eda Nacional hiri\u00f3 en acci\u00f3n legal a un nacional haitiano indocumentado en el sector de Gurabo, ayer, quien fue sorprendido dentro de una oficina de una constructora a las 03:45 de la madrugada. [&hellip;]<\/p>\n","protected":false},"author":5,"featured_media":311268,"comment_status":"closed","ping_status":"","sticky":true,"template":"","format":"standard","meta":{"footnotes":""},"categories":[24,27],"tags":[],"class_list":["post-311267","post","type-post","status-publish","format-standard","has-post-thumbnail","hentry","category-justicia-y-derecho","category-portada"],"_links":{"self":[{"href":"https:\/\/diariodominicano.com\/index.php?rest_route=\/wp\/v2\/posts\/311267","targetHints":{"allow":["GET"]}}],"collection":[{"href":"https:\/\/diariodominicano.com\/index.php?rest_route=\/wp\/v2\/posts"}],"about":[{"href":"https:\/\/diariodominicano.com\/index.php?rest_route=\/wp\/v2\/types\/post"}],"author":[{"embeddable":true,"href":"https:\/\/diariodominicano.com\/index.php?rest_route=\/wp\/v2\/users\/5"}],"replies":[{"embeddable":true,"href":"https:\/\/diariodominicano.com\/index.php?rest_route=%2Fwp%2Fv2%2Fcomments&post=311267"}],"version-history":[{"count":1,"href":"https:\/\/diariodominicano.com\/index.php?rest_route=\/wp\/v2\/posts\/311267\/revisions"}],"predecessor-version":[{"id":311269,"href":"https:\/\/diariodominicano.com\/index.php?rest_route=\/wp\/v2\/posts\/311267\/revisions\/311269"}],"wp:featuredmedia":[{"embeddable":true,"href":"https:\/\/diariodominicano.com\/index.php?rest_route=\/wp\/v2\/media\/311268"}],"wp:attachment":[{"href":"https:\/\/diariodominicano.com\/index.php?rest_route=%2Fwp%2Fv2%2Fmedia&parent=311267"}],"wp:term":[{"taxonomy":"category","embeddable":true,"href":"https:\/\/diariodominicano.com\/index.php?rest_route=%2Fwp%2Fv2%2Fcategories&post=311267"},{"taxonomy":"post_tag","embeddable":true,"href":"https:\/\/diariodominicano.com\/index.php?rest_route=%2Fwp%2Fv2%2Ftags&post=311267"}],"curies":[{"name":"wp","href":"https:\/\/api.w.org\/{rel}","templated":true}]}}